{"id":8591,"date":"2015-10-21T14:09:48","date_gmt":"2015-10-21T14:09:48","guid":{"rendered":"https:\/\/mycor.iam.inrae.fr\/ARBRE\/?p=8591"},"modified":"2015-10-21T14:11:07","modified_gmt":"2015-10-21T14:11:07","slug":"la-journee-docs-postdocs-darbre-rappel","status":"publish","type":"post","link":"https:\/\/mycor.iam.inrae.fr\/ARBRE\/?p=8591","title":{"rendered":"La Journ\u00e9e Docs-Postdocs d&rsquo;ARBRE \u2014 Rappel"},"content":{"rendered":"<p><a href=\"https:\/\/mycor.iam.inrae.fr\/ARBRE\/wp-content\/uploads\/2015\/09\/Screenshot-2015-09-29-09.31.06.png\"><img loading=\"lazy\" decoding=\"async\" class=\"alignleft size-full wp-image-8350\" src=\"https:\/\/mycor.iam.inrae.fr\/ARBRE\/wp-content\/uploads\/2015\/09\/Screenshot-2015-09-29-09.31.06.png\" alt=\"Screenshot 2015-09-29 09.31.06\" width=\"879\" height=\"333\" srcset=\"https:\/\/mycor.iam.inrae.fr\/ARBRE\/wp-content\/uploads\/2015\/09\/Screenshot-2015-09-29-09.31.06.png 879w, https:\/\/mycor.iam.inrae.fr\/ARBRE\/wp-content\/uploads\/2015\/09\/Screenshot-2015-09-29-09.31.06-300x114.png 300w, https:\/\/mycor.iam.inrae.fr\/ARBRE\/wp-content\/uploads\/2015\/09\/Screenshot-2015-09-29-09.31.06-800x303.png 800w, https:\/\/mycor.iam.inrae.fr\/ARBRE\/wp-content\/uploads\/2015\/09\/Screenshot-2015-09-29-09.31.06-500x189.png 500w\" sizes=\"auto, (max-width: 879px) 100vw, 879px\" \/><\/a><br \/>\n<strong>N&rsquo;oubliez pas<\/strong> <strong>de vous inscrire !<\/strong><\/p>\n<p>La date limite de soumission des r\u00e9sum\u00e9s pour la journ\u00e9e Doc-Postdoc du Labex Arbre 2015 approche \u2014 c&rsquo;est le <strong>23 octobre.<\/strong><\/p>\n<p>Doctorants et Post-doctorants mis \u00e0 part, les inscriptions au colloque seront possibles jusqu&rsquo;au <strong>31 octobre<\/strong> (cf. la section \u00ab\u00a0Registration\u00a0\u00bb).<\/p>\n<p>Pour plus de d\u00e9tails visitez le site internet : <span style=\"color: #ff6600;\"><a style=\"color: #ff6600;\" href=\"https:\/\/colloque.inra.fr\/doc-postdoc-labex-day-2015\"><strong>ARBRE PhD &amp; Postdoc Seminar 2015<\/strong><\/a><\/span><\/p>\n","protected":false},"excerpt":{"rendered":"<p>N&rsquo;oubliez pas de vous inscrire ! La date limite de soumission des r\u00e9sum\u00e9s pour la journ\u00e9e Doc-Postdoc du Labex Arbre 2015 approche \u2014 c&rsquo;est le 23 octobre. Doctorants et Post-doctorants mis \u00e0 part, les inscriptions au colloque seront possibles jusqu&rsquo;au &hellip; <a href=\"https:\/\/mycor.iam.inrae.fr\/ARBRE\/?p=8591\">Continuer la lecture <span class=\"meta-nav\">&rarr;<\/span><\/a><\/p>\n","protected":false},"author":4,"featured_media":0,"comment_status":"closed","ping_status":"closed","sticky":false,"template":"","format":"standard","meta":{"footnotes":""},"categories":[1],"tags":[],"class_list":["post-8591","post","type-post","status-publish","format-standard","hentry","category-divers"],"_links":{"self":[{"href":"https:\/\/mycor.iam.inrae.fr\/ARBRE\/index.php?rest_route=\/wp\/v2\/posts\/8591","targetHints":{"allow":["GET"]}}],"collection":[{"href":"https:\/\/mycor.iam.inrae.fr\/ARBRE\/index.php?rest_route=\/wp\/v2\/posts"}],"about":[{"href":"https:\/\/mycor.iam.inrae.fr\/ARBRE\/index.php?rest_route=\/wp\/v2\/types\/post"}],"author":[{"embeddable":true,"href":"https:\/\/mycor.iam.inrae.fr\/ARBRE\/index.php?rest_route=\/wp\/v2\/users\/4"}],"replies":[{"embeddable":true,"href":"https:\/\/mycor.iam.inrae.fr\/ARBRE\/index.php?rest_route=%2Fwp%2Fv2%2Fcomments&post=8591"}],"version-history":[{"count":0,"href":"https:\/\/mycor.iam.inrae.fr\/ARBRE\/index.php?rest_route=\/wp\/v2\/posts\/8591\/revisions"}],"wp:attachment":[{"href":"https:\/\/mycor.iam.inrae.fr\/ARBRE\/index.php?rest_route=%2Fwp%2Fv2%2Fmedia&parent=8591"}],"wp:term":[{"taxonomy":"category","embeddable":true,"href":"https:\/\/mycor.iam.inrae.fr\/ARBRE\/index.php?rest_route=%2Fwp%2Fv2%2Fcategories&post=8591"},{"taxonomy":"post_tag","embeddable":true,"href":"https:\/\/mycor.iam.inrae.fr\/ARBRE\/index.php?rest_route=%2Fwp%2Fv2%2Ftags&post=8591"}],"curies":[{"name":"wp","href":"https:\/\/api.w.org\/{rel}","templated":true}]}}