{"id":8597,"date":"2015-10-26T10:45:46","date_gmt":"2015-10-26T10:45:46","guid":{"rendered":"https:\/\/mycor.iam.inrae.fr\/ARBRE\/?p=8597"},"modified":"2015-10-26T10:45:46","modified_gmt":"2015-10-26T10:45:46","slug":"village-du-climat-en-gare-de-nancy-le-labex-arbre-etait-de-la-partie","status":"publish","type":"post","link":"https:\/\/mycor.iam.inrae.fr\/ARBRE\/?p=8597","title":{"rendered":"Village du climat en gare de Nancy \u2014 le LabEx ARBRE \u00e9tait de la partie"},"content":{"rendered":"<p><a href=\"https:\/\/mycor.iam.inrae.fr\/ARBRE\/wp-content\/uploads\/2015\/10\/title-climate-FR.png\"><img loading=\"lazy\" decoding=\"async\" class=\"alignleft  wp-image-8598\" src=\"https:\/\/mycor.iam.inrae.fr\/ARBRE\/wp-content\/uploads\/2015\/10\/title-climate-FR.png\" alt=\"\" width=\"488\" height=\"173\" \/><\/a><\/p>\n<p>&nbsp;<\/p>\n<p>&nbsp;<\/p>\n<p>&nbsp;<\/p>\n<p>&nbsp;<\/p>\n<p>A l\u2019occasion de l\u2019arriv\u00e9e du train du climat en gare de Nancy ce dimanche 24 octobre l\u2019INRA, le CNRS et l\u2019Universit\u00e9 de Lorraine, mais aussi des centres de science (Mus\u00e9um-aquarium de Nancy, Conservatoire et Jardins Botaniques de Nancy,\u2026) et des associations ( La Vigie de l&rsquo;Eau , Planetarium Epinal, \u2026) se sont rassembl\u00e9s pour former pendant une journ\u00e9e \u00ab Le village du climat \u00bb. Ce village compos\u00e9 de stands interactifs, d\u2019animations, de d\u00e9monstrations et de films, \u00e9tait localis\u00e9 dans les halls Thiers et R\u00e9publique de la gare de Nancy. Plusieurs laboratoires du Labex ARBRE ont particip\u00e9 \u00e0 cet \u00e9v\u00e9nement. Les chercheurs mobilis\u00e9s ont pu \u00e9changer librement avec les visiteurs qui, tout au long de la journ\u00e9e, sont venus d\u00e9couvrir les recherches men\u00e9es en Lorraine sur la probl\u00e9matique des changements climatiques. Le projet <strong><span style=\"color: #000000;\">Survivors<\/span><\/strong> a lui aussi \u00e9t\u00e9 pr\u00e9sent\u00e9, notamment le travail r\u00e9alis\u00e9 par les 80 coll\u00e9giens du coll\u00e8ge d\u2019Einville-au-Jard en partenariat avec les chercheurs du projet. Deux doctorants, Pierre-Antoine Chuste et Maxime Burst, se sont \u00e9galement mobilis\u00e9s pour pr\u00e9senter leurs travaux de recherche au public sous forme d\u2019ateliers interactifs de type \u00ab\u00a0<strong>Experimentarium<\/strong>\u00a0\u00bb.<\/p>\n<p>Pour en savoir plus \u2014 <span style=\"color: #0000ff;\"><a style=\"color: #0000ff;\" href=\"http:\/\/www.nancy.inra.fr\/Toutes-les-actualites\/train-du-climat-et-vClillage-du-climat\"><strong>Village du Climat, Nancy<\/strong><\/a><\/span><\/p>\n<p><a href=\"https:\/\/mycor.iam.inrae.fr\/ARBRE\/wp-content\/uploads\/2015\/10\/groupe.png\"><img loading=\"lazy\" decoding=\"async\" class=\"alignleft size-full wp-image-8600\" src=\"https:\/\/mycor.iam.inrae.fr\/ARBRE\/wp-content\/uploads\/2015\/10\/groupe.png\" alt=\"groupe\" width=\"747\" height=\"504\" \/><\/a><\/p>\n","protected":false},"excerpt":{"rendered":"<p>&nbsp; &nbsp; &nbsp; &nbsp; A l\u2019occasion de l\u2019arriv\u00e9e du train du climat en gare de Nancy ce dimanche 24 octobre l\u2019INRA, le CNRS et l\u2019Universit\u00e9 de Lorraine, mais aussi des centres de science (Mus\u00e9um-aquarium de Nancy, Conservatoire et Jardins Botaniques &hellip; <a href=\"https:\/\/mycor.iam.inrae.fr\/ARBRE\/?p=8597\">Continuer la lecture <span class=\"meta-nav\">&rarr;<\/span><\/a><\/p>\n","protected":false},"author":4,"featured_media":0,"comment_status":"closed","ping_status":"closed","sticky":false,"template":"","format":"standard","meta":{"footnotes":""},"categories":[1],"tags":[],"class_list":["post-8597","post","type-post","status-publish","format-standard","hentry","category-divers"],"_links":{"self":[{"href":"https:\/\/mycor.iam.inrae.fr\/ARBRE\/index.php?rest_route=\/wp\/v2\/posts\/8597","targetHints":{"allow":["GET"]}}],"collection":[{"href":"https:\/\/mycor.iam.inrae.fr\/ARBRE\/index.php?rest_route=\/wp\/v2\/posts"}],"about":[{"href":"https:\/\/mycor.iam.inrae.fr\/ARBRE\/index.php?rest_route=\/wp\/v2\/types\/post"}],"author":[{"embeddable":true,"href":"https:\/\/mycor.iam.inrae.fr\/ARBRE\/index.php?rest_route=\/wp\/v2\/users\/4"}],"replies":[{"embeddable":true,"href":"https:\/\/mycor.iam.inrae.fr\/ARBRE\/index.php?rest_route=%2Fwp%2Fv2%2Fcomments&post=8597"}],"version-history":[{"count":0,"href":"https:\/\/mycor.iam.inrae.fr\/ARBRE\/index.php?rest_route=\/wp\/v2\/posts\/8597\/revisions"}],"wp:attachment":[{"href":"https:\/\/mycor.iam.inrae.fr\/ARBRE\/index.php?rest_route=%2Fwp%2Fv2%2Fmedia&parent=8597"}],"wp:term":[{"taxonomy":"category","embeddable":true,"href":"https:\/\/mycor.iam.inrae.fr\/ARBRE\/index.php?rest_route=%2Fwp%2Fv2%2Fcategories&post=8597"},{"taxonomy":"post_tag","embeddable":true,"href":"https:\/\/mycor.iam.inrae.fr\/ARBRE\/index.php?rest_route=%2Fwp%2Fv2%2Ftags&post=8597"}],"curies":[{"name":"wp","href":"https:\/\/api.w.org\/{rel}","templated":true}]}}