{"id":8602,"date":"2015-10-26T12:07:15","date_gmt":"2015-10-26T12:07:15","guid":{"rendered":"https:\/\/mycor.iam.inrae.fr\/ARBRE\/?p=8602"},"modified":"2015-10-27T14:27:35","modified_gmt":"2015-10-27T14:27:35","slug":"arbre-seminaire-jean-pierre-saucier-de-quebec","status":"publish","type":"post","link":"https:\/\/mycor.iam.inrae.fr\/ARBRE\/?p=8602","title":{"rendered":"ARBRE S\u00e9minaire \u2014 Jean-Pierre Saucier de Quebec"},"content":{"rendered":"<p><a href=\"https:\/\/mycor.iam.inrae.fr\/ARBRE\/wp-content\/uploads\/2015\/10\/jp-saucier-banner-FR3.png\"><img loading=\"lazy\" decoding=\"async\" class=\"alignleft size-full wp-image-8616\" src=\"https:\/\/mycor.iam.inrae.fr\/ARBRE\/wp-content\/uploads\/2015\/10\/jp-saucier-banner-FR3.png\" alt=\"jp saucier banner FR\" width=\"706\" height=\"169\" \/><\/a><br \/>\n<strong>AgroParisTech<br \/>\nvendredi, 30 octobre<\/strong><br \/>\n<strong> 11h00 \u2014 salle Jacomon<\/strong><\/p>\n<p>Jean-Pierre Saucier, D.Sc., Directeur de la recherche foresti\u00e8re (DRF) du Minist\u00e8re des For\u00eats du Qu\u00e9bec sera de passage \u00e0 AgroParisTech\/Nancy ce vendredi 30 octobre. Il donnera une conf\u00e9rence \u00e0 11h00 en salle Jacamon 1 qui portera sur la structure, les mandats et les th\u00e9matiques de recherche de cet organisme. M. Saucier pr\u00e9sentera dans quelle mesure la classification \u00e9cologique qu\u00e9b\u00e9coise contribue \u00e0 la connaissance foresti\u00e8re, aux mod\u00e8les de croissance et \u00e0 la prise de d\u00e9cisions sylvicoles dans les for\u00eats publiques. Venez en grand nombre.<\/p>\n","protected":false},"excerpt":{"rendered":"<p>AgroParisTech vendredi, 30 octobre 11h00 \u2014 salle Jacomon Jean-Pierre Saucier, D.Sc., Directeur de la recherche foresti\u00e8re (DRF) du Minist\u00e8re des For\u00eats du Qu\u00e9bec sera de passage \u00e0 AgroParisTech\/Nancy ce vendredi 30 octobre. Il donnera une conf\u00e9rence \u00e0 11h00 en salle &hellip; <a href=\"https:\/\/mycor.iam.inrae.fr\/ARBRE\/?p=8602\">Continuer la lecture <span class=\"meta-nav\">&rarr;<\/span><\/a><\/p>\n","protected":false},"author":4,"featured_media":0,"comment_status":"closed","ping_status":"closed","sticky":false,"template":"","format":"standard","meta":{"footnotes":""},"categories":[1],"tags":[],"class_list":["post-8602","post","type-post","status-publish","format-standard","hentry","category-divers"],"_links":{"self":[{"href":"https:\/\/mycor.iam.inrae.fr\/ARBRE\/index.php?rest_route=\/wp\/v2\/posts\/8602","targetHints":{"allow":["GET"]}}],"collection":[{"href":"https:\/\/mycor.iam.inrae.fr\/ARBRE\/index.php?rest_route=\/wp\/v2\/posts"}],"about":[{"href":"https:\/\/mycor.iam.inrae.fr\/ARBRE\/index.php?rest_route=\/wp\/v2\/types\/post"}],"author":[{"embeddable":true,"href":"https:\/\/mycor.iam.inrae.fr\/ARBRE\/index.php?rest_route=\/wp\/v2\/users\/4"}],"replies":[{"embeddable":true,"href":"https:\/\/mycor.iam.inrae.fr\/ARBRE\/index.php?rest_route=%2Fwp%2Fv2%2Fcomments&post=8602"}],"version-history":[{"count":0,"href":"https:\/\/mycor.iam.inrae.fr\/ARBRE\/index.php?rest_route=\/wp\/v2\/posts\/8602\/revisions"}],"wp:attachment":[{"href":"https:\/\/mycor.iam.inrae.fr\/ARBRE\/index.php?rest_route=%2Fwp%2Fv2%2Fmedia&parent=8602"}],"wp:term":[{"taxonomy":"category","embeddable":true,"href":"https:\/\/mycor.iam.inrae.fr\/ARBRE\/index.php?rest_route=%2Fwp%2Fv2%2Fcategories&post=8602"},{"taxonomy":"post_tag","embeddable":true,"href":"https:\/\/mycor.iam.inrae.fr\/ARBRE\/index.php?rest_route=%2Fwp%2Fv2%2Ftags&post=8602"}],"curies":[{"name":"wp","href":"https:\/\/api.w.org\/{rel}","templated":true}]}}