{"id":8653,"date":"2015-11-12T09:32:19","date_gmt":"2015-11-12T09:32:19","guid":{"rendered":"https:\/\/mycor.iam.inrae.fr\/ARBRE\/?p=8653"},"modified":"2015-11-20T15:37:12","modified_gmt":"2015-11-20T15:37:12","slug":"colloque-annuel-labex-arbre","status":"publish","type":"post","link":"https:\/\/mycor.iam.inrae.fr\/ARBRE\/?p=8653","title":{"rendered":"Colloque Annuel \u2014 LabEx ARBRE"},"content":{"rendered":"<p style=\"text-align: left;\"><a href=\"https:\/\/mycor.iam.inrae.fr\/ARBRE\/wp-content\/uploads\/2015\/11\/Screenshot-2015-11-12-13.46.22.png\"><img loading=\"lazy\" decoding=\"async\" class=\"alignleft  wp-image-8671\" src=\"https:\/\/mycor.iam.inrae.fr\/ARBRE\/wp-content\/uploads\/2015\/11\/Screenshot-2015-11-12-13.46.22.png\" alt=\"\" width=\"569\" height=\"717\" \/><\/a><\/p>\n<p>&nbsp;<\/p>\n<p>&nbsp;<\/p>\n<p><strong>Salle de conf\u00e9rence du Centre INRA de Nancy \u00e0 Champenoux<\/strong><\/p>\n<p><strong>17 novembre 2015<\/strong><strong><br \/>\n<strong>08h30 \u2013 18h00<\/strong><\/strong><\/p>\n<p>Ce colloque a pour principal objectif de faire le point sur les projets multidisciplinaires financ\u00e9s lors de l\u2019appel \u00e0 projets 2012 du Labex. Il s\u2019agira de souligner et de discuter des r\u00e9sultats les plus marquants obtenus par les diff\u00e9rentes \u00e9quipes du Labex et ce pour l\u2019ensemble des domaines d\u2019activit\u00e9s du Labex (Recherche, Valorisation, Formation-Diss\u00e9mination).<\/p>\n<p>Pour le programme d\u00e9taill\u00e9 veuillez cliquer ici \u2013 <span style=\"color: #0000ff;\"><strong><a style=\"color: #0000ff;\" href=\"https:\/\/mycor.iam.inrae.fr\/ARBRE\/wp-content\/uploads\/2015\/11\/Colloque-annuel-ARBRE-2015_programme-final.pdf\" class=\"mtli_attachment mtli_pdf\">Programme<\/a><\/strong><\/span><\/p>\n","protected":false},"excerpt":{"rendered":"<p>&nbsp; &nbsp; Salle de conf\u00e9rence du Centre INRA de Nancy \u00e0 Champenoux 17 novembre 2015 08h30 \u2013 18h00 Ce colloque a pour principal objectif de faire le point sur les projets multidisciplinaires financ\u00e9s lors de l\u2019appel \u00e0 projets 2012 du &hellip; <a href=\"https:\/\/mycor.iam.inrae.fr\/ARBRE\/?p=8653\">Continuer la lecture <span class=\"meta-nav\">&rarr;<\/span><\/a><\/p>\n","protected":false},"author":4,"featured_media":0,"comment_status":"closed","ping_status":"closed","sticky":false,"template":"","format":"standard","meta":{"footnotes":""},"categories":[4],"tags":[],"class_list":["post-8653","post","type-post","status-publish","format-standard","hentry","category-evenements"],"_links":{"self":[{"href":"https:\/\/mycor.iam.inrae.fr\/ARBRE\/index.php?rest_route=\/wp\/v2\/posts\/8653","targetHints":{"allow":["GET"]}}],"collection":[{"href":"https:\/\/mycor.iam.inrae.fr\/ARBRE\/index.php?rest_route=\/wp\/v2\/posts"}],"about":[{"href":"https:\/\/mycor.iam.inrae.fr\/ARBRE\/index.php?rest_route=\/wp\/v2\/types\/post"}],"author":[{"embeddable":true,"href":"https:\/\/mycor.iam.inrae.fr\/ARBRE\/index.php?rest_route=\/wp\/v2\/users\/4"}],"replies":[{"embeddable":true,"href":"https:\/\/mycor.iam.inrae.fr\/ARBRE\/index.php?rest_route=%2Fwp%2Fv2%2Fcomments&post=8653"}],"version-history":[{"count":0,"href":"https:\/\/mycor.iam.inrae.fr\/ARBRE\/index.php?rest_route=\/wp\/v2\/posts\/8653\/revisions"}],"wp:attachment":[{"href":"https:\/\/mycor.iam.inrae.fr\/ARBRE\/index.php?rest_route=%2Fwp%2Fv2%2Fmedia&parent=8653"}],"wp:term":[{"taxonomy":"category","embeddable":true,"href":"https:\/\/mycor.iam.inrae.fr\/ARBRE\/index.php?rest_route=%2Fwp%2Fv2%2Fcategories&post=8653"},{"taxonomy":"post_tag","embeddable":true,"href":"https:\/\/mycor.iam.inrae.fr\/ARBRE\/index.php?rest_route=%2Fwp%2Fv2%2Ftags&post=8653"}],"curies":[{"name":"wp","href":"https:\/\/api.w.org\/{rel}","templated":true}]}}