{"id":8663,"date":"2015-11-12T09:57:51","date_gmt":"2015-11-12T09:57:51","guid":{"rendered":"https:\/\/mycor.iam.inrae.fr\/ARBRE\/?p=8663"},"modified":"2015-11-12T09:59:21","modified_gmt":"2015-11-12T09:59:21","slug":"la-journee-docs-postdocs-darbre","status":"publish","type":"post","link":"https:\/\/mycor.iam.inrae.fr\/ARBRE\/?p=8663","title":{"rendered":"ARBRE Journ\u00e9e Doc &#038; Postdoc"},"content":{"rendered":"<p><a href=\"https:\/\/mycor.iam.inrae.fr\/ARBRE\/wp-content\/uploads\/2015\/09\/Screenshot-2015-09-29-09.31.06.png\"><img loading=\"lazy\" decoding=\"async\" class=\"alignleft size-full wp-image-8350\" src=\"https:\/\/mycor.iam.inrae.fr\/ARBRE\/wp-content\/uploads\/2015\/09\/Screenshot-2015-09-29-09.31.06.png\" alt=\"Screenshot 2015-09-29 09.31.06\" width=\"879\" height=\"333\" srcset=\"https:\/\/mycor.iam.inrae.fr\/ARBRE\/wp-content\/uploads\/2015\/09\/Screenshot-2015-09-29-09.31.06.png 879w, https:\/\/mycor.iam.inrae.fr\/ARBRE\/wp-content\/uploads\/2015\/09\/Screenshot-2015-09-29-09.31.06-300x114.png 300w, https:\/\/mycor.iam.inrae.fr\/ARBRE\/wp-content\/uploads\/2015\/09\/Screenshot-2015-09-29-09.31.06-800x303.png 800w, https:\/\/mycor.iam.inrae.fr\/ARBRE\/wp-content\/uploads\/2015\/09\/Screenshot-2015-09-29-09.31.06-500x189.png 500w\" sizes=\"auto, (max-width: 879px) 100vw, 879px\" \/><\/a><\/p>\n<p>&nbsp;<\/p>\n<p>Le <span style=\"color: #0000ff;\"><strong>16 novembre<\/strong><\/span> de cette ann\u00e9e sera organis\u00e9e <strong>la journ\u00e9e des Doctorants et Post-doctorants du LabEx ARBRE<\/strong>. L\u2019\u00e9v\u00e8nement aura lieu dans le hall et la salle de conf\u00e9rence du b\u00e2timent central de l&rsquo;INRA de Champenoux. Cette journ\u00e9e a pour but de favoriser des \u00e9changes constructifs et interdisciplinaires entre Doctorants et Post-doctorants.<\/p>\n<p>Pour le programme d\u00e9taill\u00e9 veuillez cliquer ici \u2014 <strong><span style=\"color: #0000ff;\"><a style=\"color: #0000ff;\" href=\"https:\/\/colloque.inra.fr\/doc-postdoc-labex-day-2015\/Program2\">Programme<\/a><\/span><\/strong><\/p>\n","protected":false},"excerpt":{"rendered":"<p>&nbsp; Le 16 novembre de cette ann\u00e9e sera organis\u00e9e la journ\u00e9e des Doctorants et Post-doctorants du LabEx ARBRE. L\u2019\u00e9v\u00e8nement aura lieu dans le hall et la salle de conf\u00e9rence du b\u00e2timent central de l&rsquo;INRA de Champenoux. Cette journ\u00e9e a pour &hellip; <a href=\"https:\/\/mycor.iam.inrae.fr\/ARBRE\/?p=8663\">Continuer la lecture <span class=\"meta-nav\">&rarr;<\/span><\/a><\/p>\n","protected":false},"author":4,"featured_media":0,"comment_status":"closed","ping_status":"closed","sticky":false,"template":"","format":"standard","meta":{"footnotes":""},"categories":[1],"tags":[],"class_list":["post-8663","post","type-post","status-publish","format-standard","hentry","category-divers"],"_links":{"self":[{"href":"https:\/\/mycor.iam.inrae.fr\/ARBRE\/index.php?rest_route=\/wp\/v2\/posts\/8663","targetHints":{"allow":["GET"]}}],"collection":[{"href":"https:\/\/mycor.iam.inrae.fr\/ARBRE\/index.php?rest_route=\/wp\/v2\/posts"}],"about":[{"href":"https:\/\/mycor.iam.inrae.fr\/ARBRE\/index.php?rest_route=\/wp\/v2\/types\/post"}],"author":[{"embeddable":true,"href":"https:\/\/mycor.iam.inrae.fr\/ARBRE\/index.php?rest_route=\/wp\/v2\/users\/4"}],"replies":[{"embeddable":true,"href":"https:\/\/mycor.iam.inrae.fr\/ARBRE\/index.php?rest_route=%2Fwp%2Fv2%2Fcomments&post=8663"}],"version-history":[{"count":0,"href":"https:\/\/mycor.iam.inrae.fr\/ARBRE\/index.php?rest_route=\/wp\/v2\/posts\/8663\/revisions"}],"wp:attachment":[{"href":"https:\/\/mycor.iam.inrae.fr\/ARBRE\/index.php?rest_route=%2Fwp%2Fv2%2Fmedia&parent=8663"}],"wp:term":[{"taxonomy":"category","embeddable":true,"href":"https:\/\/mycor.iam.inrae.fr\/ARBRE\/index.php?rest_route=%2Fwp%2Fv2%2Fcategories&post=8663"},{"taxonomy":"post_tag","embeddable":true,"href":"https:\/\/mycor.iam.inrae.fr\/ARBRE\/index.php?rest_route=%2Fwp%2Fv2%2Ftags&post=8663"}],"curies":[{"name":"wp","href":"https:\/\/api.w.org\/{rel}","templated":true}]}}