{"id":8677,"date":"2015-11-20T15:36:52","date_gmt":"2015-11-20T15:36:52","guid":{"rendered":"https:\/\/mycor.iam.inrae.fr\/ARBRE\/?p=8677"},"modified":"2015-12-07T11:33:01","modified_gmt":"2015-12-07T11:33:01","slug":"labex-arbre-journee-doc-postdoc-un-succes","status":"publish","type":"post","link":"https:\/\/mycor.iam.inrae.fr\/ARBRE\/?p=8677","title":{"rendered":"LabEx ARBRE Journ\u00e9e Doc &#038; Postdoc \u2014 Un succ\u00e8s!"},"content":{"rendered":"<p><a href=\"https:\/\/mycor.iam.inrae.fr\/ARBRE\/wp-content\/uploads\/2015\/11\/2-fixed-header-montage-copy.png\"><img loading=\"lazy\" decoding=\"async\" class=\"alignleft size-full wp-image-8681\" src=\"https:\/\/mycor.iam.inrae.fr\/ARBRE\/wp-content\/uploads\/2015\/11\/2-fixed-header-montage-copy.png\" alt=\"2 fixed header montage copy\" width=\"709\" height=\"489\" \/><\/a><\/p>\n<p>La journ\u00e9e des doctorants et des post-doctorants du LabEx ARBRE vise \u00e0 favoriser les rencontres et les \u00e9changes interdisciplinaires entre les jeunes chercheurs des huit unit\u00e9s partenaires du LabEx. Organis\u00e9e par les doctorants et post-doctorants eux-m\u00eames, elle doit couvrir les quatre th\u00e9matiques structurant le LabEx\u00a0: la biologie int\u00e9grative, l\u2019\u00e9cologie fonctionnelle, le mat\u00e9riau bois et l&rsquo;\u00e9conomie foresti\u00e8re. (Un d\u00e9fi que doivent relever nos jeunes organisateurs\u00a0!)<\/p>\n<p>Pierrer-Antoine Chuste, doctorant \u00e0 l\u2019EEF, Jo\u00ebl Hamada, doctorant du LERMAB ainsi qu\u2019Erwin Sentausa et Yohann Daguerre, tous deux post-doctorants du IAM ont accept\u00e9 de relever ce d\u00e9fi. La journ\u00e9e s\u2019est alors articul\u00e9e autour de plusieurs sessions\u00a0: pr\u00e9sentation de projets th\u00e9matiques, exposition posters, invitation d\u2019un chercheur de renomm\u00e9e internationale et\u2026\u00e0 la surprise de tous, un science dating\u00a0! Chaque participant \u00e9tait invit\u00e9 \u00e0 pr\u00e9senter en 3 minutes son projet de recherche \u00e0 son interlocuteur assis en face de lui. Il disposait ensuite d\u2019une minute pour remplir le questionnaire intitul\u00e9 \u00ab\u00a0Pick up my project\u00a0\u00bb. La minute \u00e9coul\u00e9e, un des deux jeunes chercheurs changeait de chaise et s\u2019asseyait en face d\u2019un nouvel interlocuteur. La session recommen\u00e7ait. Un \u00ab\u00a0Pick up my project\u00a0\u00bb poster regroupant les avis et questions des 5 personnes rencontr\u00e9es a ensuite \u00e9t\u00e9 confectionn\u00e9 dans la journ\u00e9e pour chaque participant par l\u2019\u00e9quipe organisatrice. Les posters ont \u00e9t\u00e9 expos\u00e9s dans le hall d\u2019accueil du b\u00e2timent A. Un bel exercice pour cr\u00e9er un premier contact et communiquer de mani\u00e8re efficace et accessible sur son projet de recherche\u00a0!<\/p>\n<p>La journ\u00e9e a \u00e9t\u00e9 unanimement appr\u00e9ci\u00e9e. Nous tenons \u00e0 f\u00e9liciter les organisateurs pour leur initiative, leur cr\u00e9ativit\u00e9 et leur professionnalisme. Mais aussi, pour avoir oser innover et \u00eatre fun\u00a0! Bravo\u00a0!<\/p>\n<p><a href=\"https:\/\/mycor.iam.inrae.fr\/ARBRE\/wp-content\/uploads\/2015\/11\/ARBRE-DPD-day_11.jpg\"><img loading=\"lazy\" decoding=\"async\" class=\"alignleft size-full wp-image-8684\" src=\"https:\/\/mycor.iam.inrae.fr\/ARBRE\/wp-content\/uploads\/2015\/11\/ARBRE-DPD-day_11.jpg\" alt=\"ARBRE DPD day_11\" width=\"3527\" height=\"2053\" \/><\/a><\/p>\n<p><strong>L&rsquo;\u00e9quipe des organisateurs : <\/strong>Jo\u00ebl Hamada (LERMAB), Yohann Daguerre (IAM), Pierre-Antoine Chuste (EEF), Erwin Sentausa (IAM).<\/p>\n<p>&nbsp;<\/p>\n<p><a href=\"https:\/\/mycor.iam.inrae.fr\/ARBRE\/wp-content\/uploads\/2015\/11\/pick-up-form-2.png\"><img loading=\"lazy\" decoding=\"async\" class=\"  wp-image-8694 alignleft\" src=\"https:\/\/mycor.iam.inrae.fr\/ARBRE\/wp-content\/uploads\/2015\/11\/pick-up-form-2.png\" alt=\"pick up form 2\" width=\"277\" height=\"359\" \/><\/a><\/p>\n<p><strong><br \/>\n\u00ab\u00a0Pick up my project\u00a0\u00bb<br \/>\nScience Speed Dating<br \/>\n<\/strong>Pr\u00e9senter en 3 minutes un projet de recherche de mani\u00e8re accessible et .. d\u00e9contract\u00e9e<\/p>\n<p>&nbsp;<\/p>\n<p>&nbsp;<\/p>\n<p>&nbsp;<\/p>\n<p>&nbsp;<\/p>\n<p>&nbsp;<\/p>\n<p>&nbsp;<\/p>\n<p><a href=\"https:\/\/mycor.iam.inrae.fr\/ARBRE\/wp-content\/uploads\/2015\/11\/Screenshot-2015-11-20-12.27.39.png\"><img loading=\"lazy\" decoding=\"async\" class=\"alignleft  wp-image-8698\" src=\"https:\/\/mycor.iam.inrae.fr\/ARBRE\/wp-content\/uploads\/2015\/11\/Screenshot-2015-11-20-12.27.39.png\" alt=\"Screenshot 2015-11-20 12.27.39\" width=\"233\" height=\"330\" \/><\/a><\/p>\n<p>&nbsp;<\/p>\n<p>Keynote speaker Joey Spatafora<br \/>\nProfessor with the Department of Botany and Plant Pathology at Oregon State University currently on sabbatical working with Francis Martin and the IAM team at INRA, Champenoux. Learn more about the <strong><span style=\"color: #0000ff;\"><a style=\"color: #0000ff;\" href=\"http:\/\/joeyspataforalab.weebly.com\/\">Joey Spatafora Lab <\/a><\/span><\/strong>and the &lsquo;1000 Fungal Genomes Project&rsquo;.<\/p>\n","protected":false},"excerpt":{"rendered":"<p>La journ\u00e9e des doctorants et des post-doctorants du LabEx ARBRE vise \u00e0 favoriser les rencontres et les \u00e9changes interdisciplinaires entre les jeunes chercheurs des huit unit\u00e9s partenaires du LabEx. Organis\u00e9e par les doctorants et post-doctorants eux-m\u00eames, elle doit couvrir les &hellip; <a href=\"https:\/\/mycor.iam.inrae.fr\/ARBRE\/?p=8677\">Continuer la lecture <span class=\"meta-nav\">&rarr;<\/span><\/a><\/p>\n","protected":false},"author":4,"featured_media":0,"comment_status":"closed","ping_status":"closed","sticky":false,"template":"","format":"standard","meta":{"footnotes":""},"categories":[1],"tags":[],"class_list":["post-8677","post","type-post","status-publish","format-standard","hentry","category-divers"],"_links":{"self":[{"href":"https:\/\/mycor.iam.inrae.fr\/ARBRE\/index.php?rest_route=\/wp\/v2\/posts\/8677","targetHints":{"allow":["GET"]}}],"collection":[{"href":"https:\/\/mycor.iam.inrae.fr\/ARBRE\/index.php?rest_route=\/wp\/v2\/posts"}],"about":[{"href":"https:\/\/mycor.iam.inrae.fr\/ARBRE\/index.php?rest_route=\/wp\/v2\/types\/post"}],"author":[{"embeddable":true,"href":"https:\/\/mycor.iam.inrae.fr\/ARBRE\/index.php?rest_route=\/wp\/v2\/users\/4"}],"replies":[{"embeddable":true,"href":"https:\/\/mycor.iam.inrae.fr\/ARBRE\/index.php?rest_route=%2Fwp%2Fv2%2Fcomments&post=8677"}],"version-history":[{"count":0,"href":"https:\/\/mycor.iam.inrae.fr\/ARBRE\/index.php?rest_route=\/wp\/v2\/posts\/8677\/revisions"}],"wp:attachment":[{"href":"https:\/\/mycor.iam.inrae.fr\/ARBRE\/index.php?rest_route=%2Fwp%2Fv2%2Fmedia&parent=8677"}],"wp:term":[{"taxonomy":"category","embeddable":true,"href":"https:\/\/mycor.iam.inrae.fr\/ARBRE\/index.php?rest_route=%2Fwp%2Fv2%2Fcategories&post=8677"},{"taxonomy":"post_tag","embeddable":true,"href":"https:\/\/mycor.iam.inrae.fr\/ARBRE\/index.php?rest_route=%2Fwp%2Fv2%2Ftags&post=8677"}],"curies":[{"name":"wp","href":"https:\/\/api.w.org\/{rel}","templated":true}]}}