{"id":8860,"date":"2016-01-13T14:13:43","date_gmt":"2016-01-13T14:13:43","guid":{"rendered":"https:\/\/mycor.iam.inrae.fr\/ARBRE\/?p=8860"},"modified":"2016-01-13T14:25:34","modified_gmt":"2016-01-13T14:25:34","slug":"arbre-interview-joel-hamada","status":"publish","type":"post","link":"https:\/\/mycor.iam.inrae.fr\/ARBRE\/?p=8860","title":{"rendered":"ARBRE Interview \u2014 Jo\u00ebl Hamada"},"content":{"rendered":"<p><a href=\"https:\/\/mycor.iam.inrae.fr\/ARBRE\/wp-content\/uploads\/2016\/01\/profile-Joel-1_edited-1.jpg\"><img loading=\"lazy\" decoding=\"async\" class=\"alignleft  wp-image-8861\" src=\"https:\/\/mycor.iam.inrae.fr\/ARBRE\/wp-content\/uploads\/2016\/01\/profile-Joel-1_edited-1.jpg\" alt=\"profile Joel 1_edited-1\" width=\"303\" height=\"320\" \/><\/a><\/p>\n<p>Jo\u00ebl Hamada est chercheur doctorant.\u00a0 Il travaille avec le Laboratoire d&rsquo;Etudes et des Recherches sur le Mat\u00e9riau Bois (LERMAB) \u00e0 l&rsquo;Universit\u00e9 de Lorraine et en collaboration avec le Laboratoire d&rsquo;Etude des Ressources For\u00eats-Bois (LERFOB). Il participe au projet EVAQBT2. Son projet de recherche s&rsquo;intitule \u00ab\u00a0Effet de la variabilit\u00e9 naturelle du bois sur les r\u00e9actions de thermo-d\u00e9gradation intervenant lors du traitement thermique du bois dans l&rsquo;optique de mieux contr\u00f4ler le proc\u00e9d\u00e9 et la qualit\u00e9 du mat\u00e9riau obtenu\u00a0\u00bb.<\/p>\n<p>Veuillez suivre ce lien pour lire l&rsquo;interview qu&rsquo;il nous a accord\u00e9e r\u00e9cemment.<br \/>\n<a href=\"https:\/\/mycor.iam.inrae.fr\/ARBRE\/?page_id=8840\"><span style=\"color: #3366ff;\"><strong>ARBRE Interview \u2014 Jo\u00ebl Hamada<\/strong><\/span><\/a><\/p>\n","protected":false},"excerpt":{"rendered":"<p>Jo\u00ebl Hamada est chercheur doctorant.\u00a0 Il travaille avec le Laboratoire d&rsquo;Etudes et des Recherches sur le Mat\u00e9riau Bois (LERMAB) \u00e0 l&rsquo;Universit\u00e9 de Lorraine et en collaboration avec le Laboratoire d&rsquo;Etude des Ressources For\u00eats-Bois (LERFOB). Il participe au projet EVAQBT2. Son &hellip; <a href=\"https:\/\/mycor.iam.inrae.fr\/ARBRE\/?p=8860\">Continuer la lecture <span class=\"meta-nav\">&rarr;<\/span><\/a><\/p>\n","protected":false},"author":4,"featured_media":0,"comment_status":"closed","ping_status":"closed","sticky":false,"template":"","format":"standard","meta":{"footnotes":""},"categories":[1],"tags":[],"class_list":["post-8860","post","type-post","status-publish","format-standard","hentry","category-divers"],"_links":{"self":[{"href":"https:\/\/mycor.iam.inrae.fr\/ARBRE\/index.php?rest_route=\/wp\/v2\/posts\/8860","targetHints":{"allow":["GET"]}}],"collection":[{"href":"https:\/\/mycor.iam.inrae.fr\/ARBRE\/index.php?rest_route=\/wp\/v2\/posts"}],"about":[{"href":"https:\/\/mycor.iam.inrae.fr\/ARBRE\/index.php?rest_route=\/wp\/v2\/types\/post"}],"author":[{"embeddable":true,"href":"https:\/\/mycor.iam.inrae.fr\/ARBRE\/index.php?rest_route=\/wp\/v2\/users\/4"}],"replies":[{"embeddable":true,"href":"https:\/\/mycor.iam.inrae.fr\/ARBRE\/index.php?rest_route=%2Fwp%2Fv2%2Fcomments&post=8860"}],"version-history":[{"count":0,"href":"https:\/\/mycor.iam.inrae.fr\/ARBRE\/index.php?rest_route=\/wp\/v2\/posts\/8860\/revisions"}],"wp:attachment":[{"href":"https:\/\/mycor.iam.inrae.fr\/ARBRE\/index.php?rest_route=%2Fwp%2Fv2%2Fmedia&parent=8860"}],"wp:term":[{"taxonomy":"category","embeddable":true,"href":"https:\/\/mycor.iam.inrae.fr\/ARBRE\/index.php?rest_route=%2Fwp%2Fv2%2Fcategories&post=8860"},{"taxonomy":"post_tag","embeddable":true,"href":"https:\/\/mycor.iam.inrae.fr\/ARBRE\/index.php?rest_route=%2Fwp%2Fv2%2Ftags&post=8860"}],"curies":[{"name":"wp","href":"https:\/\/api.w.org\/{rel}","templated":true}]}}