{"id":8881,"date":"2016-01-18T13:31:13","date_gmt":"2016-01-18T13:31:13","guid":{"rendered":"https:\/\/mycor.iam.inrae.fr\/ARBRE\/?p=8881"},"modified":"2016-01-18T13:31:13","modified_gmt":"2016-01-18T13:31:13","slug":"iufro-2016-conference-internationale-sur-le-theme-de-la-genomique-et-de-la-genetique-forestiere","status":"publish","type":"post","link":"https:\/\/mycor.iam.inrae.fr\/ARBRE\/?p=8881","title":{"rendered":"IUFRO 2016 &#8211; Conf\u00e9rence internationale sur le th\u00e8me de la g\u00e9nomique et de la g\u00e9n\u00e9tique foresti\u00e8re"},"content":{"rendered":"<p><a href=\"https:\/\/mycor.iam.inrae.fr\/ARBRE\/wp-content\/uploads\/2016\/01\/Screen-Shot-2016-01-18-at-10.47.35.png\"><img loading=\"lazy\" decoding=\"async\" class=\"alignleft size-full wp-image-8873\" src=\"https:\/\/mycor.iam.inrae.fr\/ARBRE\/wp-content\/uploads\/2016\/01\/Screen-Shot-2016-01-18-at-10.47.35.png\" alt=\"Screen Shot 2016-01-18 at 10.47.35\" width=\"508\" height=\"596\" \/><\/a><\/p>\n<p>&nbsp;<\/p>\n<p>&nbsp;<\/p>\n<p>&nbsp;<\/p>\n<p>&nbsp;<\/p>\n<p>&nbsp;<\/p>\n<p>&nbsp;<\/p>\n<p>&nbsp;<\/p>\n<p>&nbsp;<\/p>\n<p>&nbsp;<\/p>\n<p>&nbsp;<\/p>\n<p>&nbsp;<\/p>\n<p>&nbsp;<\/p>\n<p>&nbsp;<\/p>\n<p class=\" text-justify\">L&rsquo;INRA organise une conf\u00e9rence internationale sur le th\u00e8me de la g\u00e9nomique et de la g\u00e9n\u00e9tique foresti\u00e8re, du 30 mai au 3 juin 2016 au palais des congr\u00e8s d&rsquo;Arcachon. Sous l&rsquo;\u00e9gide de l&rsquo;IUFRO*, elle regroupera environ 300 chercheurs\/post-doc\/\u00e9tudiants du public et du priv\u00e9.<\/p>\n<p class=\" text-justify\">Une d\u00e9cennie apr\u00e8s le s\u00e9quen\u00e7age du g\u00e9nome du premier arbre forestier (celui du peuplier en 2006), l&rsquo;\u00e9volution rapide des outils et des m\u00e9thodes de \u00abomiques\u00bb et de la bioinformatique ont fait progresser notre compr\u00e9hension \u00e0 la fois sur (i) la \u00a0croissance et le d\u00e9veloppement des arbres, (ii) les r\u00e9ponses des arbres aux facteurs de for\u00e7age biotiques et abiotiques, la capacit\u00e9 remarquable de ces derniers \u00e0 tamponner l&rsquo;effet de l&rsquo;environnement, leur permettant de faire face \u00e0 des\u00a0 contraintes chroniques et des \u00e9v\u00e9nements climatiques extr\u00eames, et (iii) les bases mol\u00e9culaires de la variation g\u00e9n\u00e9tique, au sein et entre les esp\u00e8ces et la mani\u00e8re dont cette variation a \u00e9t\u00e9 fa\u00e7onn\u00e9e par les forces \u00e9volutives et sa relation avec la variation ph\u00e9notypique et l&rsquo;adaptation. La g\u00e9nomique aura sans doute un r\u00f4le majeur \u00e0 jouer dans la prochaine d\u00e9cennie afin non seulement de mieux comprendre les m\u00e9canismes d&rsquo;adaptation et d\u2019\u00e9volution de ces organismes, mais aussi pour d\u00e9velopper et mettre en \u0153uvre des strat\u00e9gies innovantes visant \u00e0 acc\u00e9l\u00e9rer l&rsquo;am\u00e9lioration des arbres ainsi que la mise en place d\u2019actions de pr\u00e9servation de la capacit\u00e9 d&rsquo;adaptation des for\u00eats naturelles et de plantations. Les connaissances acquises gr\u00e2ce \u00e0 l&rsquo;utilisation des technologies \u00abomiques\u00a0\u00bb ont un impact potentiel \u00e9norme pour \u00e9tudier\u00a0 l&rsquo;adaptation des for\u00eats aux principaux d\u00e9fis auxquels elles devront faire face au cours du 21\u00e8me si\u00e8cle : demande croissante de bois, pression pour conserver les zones foresti\u00e8res, changements climatiques et menaces accrues des maladies et bioagresseurs.<\/p>\n<p class=\" text-justify\">\u00a0L&rsquo;objectif de cette conf\u00e9rence &#8211; regroupant pour la premi\u00e8re fois les chercheurs des quatre groupes de travail de IUFRO concern\u00e9s par la g\u00e9n\u00e9tique &#8211; est de pr\u00e9senter et de discuter des nouvelles d\u00e9couvertes scientifiques dans les domaines de la g\u00e9n\u00e9tique des populations, g\u00e9n\u00e9tique quantitative et de la g\u00e9n\u00e9tique \u00e9volutive ainsi que de leur application \u00e0 la conservation et \u00e0 l\u2019am\u00e9lioration des ressources g\u00e9n\u00e9tiques. L&rsquo;utilisation raisonn\u00e9e de la variabilit\u00e9 g\u00e9n\u00e9tique, tout comme l&rsquo;optimisation des pratiques sylvicoles sont les deux leviers principaux de la durabilit\u00e9 des \u00e9cosyst\u00e8mes forestiers.<\/p>\n<p><strong><em>Pour en savoir plus \u2014<\/em><\/strong><\/p>\n<ul>\n<li class=\" text-justify\" style=\"padding-left: 30px;\"><span style=\"color: #0000ff;\"><a style=\"color: #0000ff;\" href=\"https:\/\/colloque.inra.fr\/iufro2016\"><strong>Genomics and Forest Tree Genetics Conference<\/strong><\/a><\/span><\/li>\n<li class=\" text-justify\" style=\"padding-left: 30px;\"><strong><a style=\"color: #0000ff;\" href=\"http:\/\/www.iufro.org\/\">IUFRO<br \/>\n<\/a><\/strong><\/li>\n<\/ul>\n<p><a href=\"http:\/\/www.iufro.org\/\"><img loading=\"lazy\" decoding=\"async\" class=\"alignleft size-full wp-image-8884\" src=\"https:\/\/mycor.iam.inrae.fr\/ARBRE\/wp-content\/uploads\/2016\/01\/Screen-Shot-2016-01-18-at-14.16.53.png\" alt=\"Screen Shot 2016-01-18 at 14.16.53\" width=\"433\" height=\"93\" \/><\/a><\/p>\n","protected":false},"excerpt":{"rendered":"<p>&nbsp; &nbsp; &nbsp; &nbsp; &nbsp; &nbsp; &nbsp; &nbsp; &nbsp; &nbsp; &nbsp; &nbsp; &nbsp; L&rsquo;INRA organise une conf\u00e9rence internationale sur le th\u00e8me de la g\u00e9nomique et de la g\u00e9n\u00e9tique foresti\u00e8re, du 30 mai au 3 juin 2016 au palais des congr\u00e8s &hellip; <a href=\"https:\/\/mycor.iam.inrae.fr\/ARBRE\/?p=8881\">Continuer la lecture <span class=\"meta-nav\">&rarr;<\/span><\/a><\/p>\n","protected":false},"author":4,"featured_media":0,"comment_status":"closed","ping_status":"closed","sticky":false,"template":"","format":"standard","meta":{"footnotes":""},"categories":[1],"tags":[],"class_list":["post-8881","post","type-post","status-publish","format-standard","hentry","category-divers"],"_links":{"self":[{"href":"https:\/\/mycor.iam.inrae.fr\/ARBRE\/index.php?rest_route=\/wp\/v2\/posts\/8881","targetHints":{"allow":["GET"]}}],"collection":[{"href":"https:\/\/mycor.iam.inrae.fr\/ARBRE\/index.php?rest_route=\/wp\/v2\/posts"}],"about":[{"href":"https:\/\/mycor.iam.inrae.fr\/ARBRE\/index.php?rest_route=\/wp\/v2\/types\/post"}],"author":[{"embeddable":true,"href":"https:\/\/mycor.iam.inrae.fr\/ARBRE\/index.php?rest_route=\/wp\/v2\/users\/4"}],"replies":[{"embeddable":true,"href":"https:\/\/mycor.iam.inrae.fr\/ARBRE\/index.php?rest_route=%2Fwp%2Fv2%2Fcomments&post=8881"}],"version-history":[{"count":0,"href":"https:\/\/mycor.iam.inrae.fr\/ARBRE\/index.php?rest_route=\/wp\/v2\/posts\/8881\/revisions"}],"wp:attachment":[{"href":"https:\/\/mycor.iam.inrae.fr\/ARBRE\/index.php?rest_route=%2Fwp%2Fv2%2Fmedia&parent=8881"}],"wp:term":[{"taxonomy":"category","embeddable":true,"href":"https:\/\/mycor.iam.inrae.fr\/ARBRE\/index.php?rest_route=%2Fwp%2Fv2%2Fcategories&post=8881"},{"taxonomy":"post_tag","embeddable":true,"href":"https:\/\/mycor.iam.inrae.fr\/ARBRE\/index.php?rest_route=%2Fwp%2Fv2%2Ftags&post=8881"}],"curies":[{"name":"wp","href":"https:\/\/api.w.org\/{rel}","templated":true}]}}