{"id":9761,"date":"2016-06-13T12:46:56","date_gmt":"2016-06-13T12:46:56","guid":{"rendered":"https:\/\/mycor.iam.inrae.fr\/ARBRE\/?p=9761"},"modified":"2016-06-28T13:21:57","modified_gmt":"2016-06-28T13:21:57","slug":"arbre-presentation-tous-chercheurs-en-lorraine","status":"publish","type":"post","link":"https:\/\/mycor.iam.inrae.fr\/ARBRE\/?p=9761","title":{"rendered":"ARBRE Pr\u00e9sentation \u2014 Tous Chercheurs en Lorraine"},"content":{"rendered":"<p><a href=\"https:\/\/mycor.iam.inrae.fr\/ARBRE\/wp-content\/uploads\/2016\/06\/Screenshot-2016-06-13-12.00.30.png\"><img loading=\"lazy\" decoding=\"async\" class=\"alignleft size-full wp-image-9757\" src=\"https:\/\/mycor.iam.inrae.fr\/ARBRE\/wp-content\/uploads\/2016\/06\/Screenshot-2016-06-13-12.00.30.png\" alt=\"Screenshot 2016-06-13 12.00.30\" width=\"378\" height=\"370\" \/><\/a><\/p>\n<p>&nbsp;<\/p>\n<p>&nbsp;<\/p>\n<p>&nbsp;<\/p>\n<p>&nbsp;<\/p>\n<p>&nbsp;<\/p>\n<p>&nbsp;<\/p>\n<p>&nbsp;<\/p>\n<p>&nbsp;<\/p>\n<p><strong><br \/>\nVenez d\u00e9couvrir le projet \u00ab\u00a0Tous Chercheurs en Lorraine\u00a0\u00bb<\/strong><\/p>\n<p>A l&rsquo;initiative du LabEx ARBRE, Pascale Frey-Klett et Annick Brun-Jacob (unit\u00e9 IAM) feront une pr\u00e9sentation du projet \u00ab\u00a0Tous Chercheurs\u00a0\u00bb le vendredi 24 juin \u00e0 13h30 en salle de conf\u00e9rences du site Inra de Champenoux \u00ab\u00a0Tous Chercheurs en Lorraine &#8211; de l&rsquo;\u00e9ducation \u00e0 la recherche aux sciences participatives\u00a0\u00bb.<\/p>\n<p><a href=\"https:\/\/mycor.iam.inrae.fr\/ARBRE\/wp-content\/uploads\/2016\/06\/tous-chercheurs-lorraine.jpg\"><img loading=\"lazy\" decoding=\"async\" class=\"alignleft size-full wp-image-9759\" src=\"https:\/\/mycor.iam.inrae.fr\/ARBRE\/wp-content\/uploads\/2016\/06\/tous-chercheurs-lorraine.jpg\" alt=\"tous chercheurs lorraine\" width=\"179\" height=\"182\" \/><\/a>Le projet vise \u00e0 installer en Lorraine des laboratoires de recherche destin\u00e9s \u00e0 accueillir des coll\u00e9giens et lyc\u00e9ens sur des campus de recherche, afin de leur permettre une initiation \u00e0 la recherche par une approche participative et active. Il s&rsquo;agit d&rsquo;un projet partenarial qui associe l&rsquo;Universit\u00e9 de Lorraine, l&rsquo;INRA, le Laboratoire d&rsquo;Excellence \u00ab\u00a0ARBRE\u00a0\u00bb, l&rsquo;association la Vigie de l&rsquo;eau de Vittel et le Rectorat de la r\u00e9gion acad\u00e9mique Grand Est. Ce projet a notamment pour objectif d&rsquo;accompagner la pratique de la d\u00e9marche d&rsquo;investigation dans l&rsquo;enseignement des sciences et d&rsquo;assurer une continuit\u00e9 entre le lyc\u00e9e et l&rsquo;enseignement sup\u00e9rieur. Le projet a \u00e9galement vocation \u00e0 s&rsquo;ouvrir vers d&rsquo;autres publics (professionnels, grand public, associations) de mani\u00e8re \u00e0 renforcer le lien science-soci\u00e9t\u00e9. Les stages de recherche sont encadr\u00e9s par des doctorants et des post-doctorants qui re\u00e7oivent une formation sp\u00e9cifique \u00e0 a p\u00e9dagogie \u00ab\u00a0Tous Chercheurs\u00a0\u00bb et sont r\u00e9mun\u00e9r\u00e9s. La programmation mobilise \u00e9galement les scientifiques des \u00e9tablissements partenaires (Universit\u00e9, INRA, et les EPST partenaires).<\/p>\n<p style=\"padding-left: 30px;\"><strong><span style=\"color: #ff6600;\">\u00ab\u00a0Tous Chercheurs en Lorraine &#8211; de l&rsquo;\u00e9ducation \u00e0 la recherche aux sciences participatives\u00a0\u00bb<br \/>\n<\/span><\/strong><span style=\"color: #ff6600;\">le vendredi 24 juin \u00e0 13h30<br \/>\nINRA, Champenoux \u2014 salle de conf\u00e9rences<br \/>\n<\/span><\/p>\n","protected":false},"excerpt":{"rendered":"<p>&nbsp; &nbsp; &nbsp; &nbsp; &nbsp; &nbsp; &nbsp; &nbsp; Venez d\u00e9couvrir le projet \u00ab\u00a0Tous Chercheurs en Lorraine\u00a0\u00bb A l&rsquo;initiative du LabEx ARBRE, Pascale Frey-Klett et Annick Brun-Jacob (unit\u00e9 IAM) feront une pr\u00e9sentation du projet \u00ab\u00a0Tous Chercheurs\u00a0\u00bb le vendredi 24 juin \u00e0 &hellip; <a href=\"https:\/\/mycor.iam.inrae.fr\/ARBRE\/?p=9761\">Continuer la lecture <span class=\"meta-nav\">&rarr;<\/span><\/a><\/p>\n","protected":false},"author":4,"featured_media":0,"comment_status":"closed","ping_status":"closed","sticky":false,"template":"","format":"standard","meta":{"footnotes":""},"categories":[1],"tags":[],"class_list":["post-9761","post","type-post","status-publish","format-standard","hentry","category-divers"],"_links":{"self":[{"href":"https:\/\/mycor.iam.inrae.fr\/ARBRE\/index.php?rest_route=\/wp\/v2\/posts\/9761","targetHints":{"allow":["GET"]}}],"collection":[{"href":"https:\/\/mycor.iam.inrae.fr\/ARBRE\/index.php?rest_route=\/wp\/v2\/posts"}],"about":[{"href":"https:\/\/mycor.iam.inrae.fr\/ARBRE\/index.php?rest_route=\/wp\/v2\/types\/post"}],"author":[{"embeddable":true,"href":"https:\/\/mycor.iam.inrae.fr\/ARBRE\/index.php?rest_route=\/wp\/v2\/users\/4"}],"replies":[{"embeddable":true,"href":"https:\/\/mycor.iam.inrae.fr\/ARBRE\/index.php?rest_route=%2Fwp%2Fv2%2Fcomments&post=9761"}],"version-history":[{"count":0,"href":"https:\/\/mycor.iam.inrae.fr\/ARBRE\/index.php?rest_route=\/wp\/v2\/posts\/9761\/revisions"}],"wp:attachment":[{"href":"https:\/\/mycor.iam.inrae.fr\/ARBRE\/index.php?rest_route=%2Fwp%2Fv2%2Fmedia&parent=9761"}],"wp:term":[{"taxonomy":"category","embeddable":true,"href":"https:\/\/mycor.iam.inrae.fr\/ARBRE\/index.php?rest_route=%2Fwp%2Fv2%2Fcategories&post=9761"},{"taxonomy":"post_tag","embeddable":true,"href":"https:\/\/mycor.iam.inrae.fr\/ARBRE\/index.php?rest_route=%2Fwp%2Fv2%2Ftags&post=9761"}],"curies":[{"name":"wp","href":"https:\/\/api.w.org\/{rel}","templated":true}]}}