{"id":9780,"date":"2016-06-16T13:15:25","date_gmt":"2016-06-16T13:15:25","guid":{"rendered":"https:\/\/mycor.iam.inrae.fr\/ARBRE\/?p=9780"},"modified":"2016-06-21T07:31:37","modified_gmt":"2016-06-21T07:31:37","slug":"ceremonie-de-cloture-du-projet-de-recherches-participatives-survivors","status":"publish","type":"post","link":"https:\/\/mycor.iam.inrae.fr\/ARBRE\/?p=9780","title":{"rendered":"C\u00e9r\u00e9monie de cl\u00f4ture du projet de recherches participatives : Survivors"},"content":{"rendered":"<p><a href=\"https:\/\/mycor.iam.inrae.fr\/ARBRE\/wp-content\/uploads\/2016\/06\/Screenshot-2016-06-14-18.27.48.png\"><img loading=\"lazy\" decoding=\"async\" class=\"alignleft size-full wp-image-9781\" src=\"https:\/\/mycor.iam.inrae.fr\/ARBRE\/wp-content\/uploads\/2016\/06\/Screenshot-2016-06-14-18.27.48.png\" alt=\"Screenshot 2016-06-14 18.27.48\" width=\"654\" height=\"454\" \/><\/a><\/p>\n<p>&nbsp;<\/p>\n<p>Comment meurent les arbres ? C\u2019est une question d\u2019importance dans le contexte actuel des changements climatiques, \u00e0 laquelle tentent de r\u00e9pondre depuis trois ans 80 \u00e9l\u00e8ves du coll\u00e8ge C-M Duvivier d\u2019Einville-au-Jard (Meurthe-et-Moselle). Aux c\u00f4t\u00e9s des chercheurs du centre Inra de Nancy-Lorraine, ces coll\u00e9giens participent \u00e0 un projet de recherches participatives d\u2019envergure, le projet SURVIVORS, en partenariat avec le Laboratoire d\u2019Excellence ARBRE et le Centre Permanent d\u2019Initiatives pour l\u2019Environnement de Nancy-Champenoux.<\/p>\n<p>En 2014, les chercheurs ont invit\u00e9 les coll\u00e9giens \u00e0 participer \u00e0 une grande exp\u00e9rience pour tester avec eux deux hypoth\u00e8ses permettant d\u2019expliquer la mort des arbres expos\u00e9s \u00e0 des al\u00e9as : les arbres meurent soit de \u00ab faim \u00bb par \u00e9puisement de leurs r\u00e9serves en carbohydrates fabriqu\u00e9es gr\u00e2ce \u00e0 leurs feuilles, soit de \u00ab soif \u00bb suite \u00e0 une interruption irr\u00e9versible de la circulation de la s\u00e8ve brute du sol vers les feuilles. Pr\u00e8s de 1000 h\u00eatres issus de graines r\u00e9colt\u00e9es dans des for\u00eats distribu\u00e9es du nord au sud de la Lorraine, sem\u00e9es il y a dix ans dans la p\u00e9pini\u00e8re de l\u2019Inra \u00e0 Champenoux, ont \u00e9t\u00e9 plac\u00e9s sous un toit de 500 m<sup>2<\/sup> destin\u00e9 \u00e0 intercepter la pluie et contr\u00f4ler l\u2019apport d\u2019eau. L&rsquo;exp\u00e9rience a consist\u00e9 \u00e0 suivre la croissance et la capacit\u00e9 de survie des h\u00eatres dans trois conditions contrast\u00e9es : h\u00eatres t\u00e9moins arros\u00e9s non d\u00e9feuill\u00e9s, h\u00eatres non arros\u00e9s, h\u00eatres arros\u00e9s d\u00e9feuill\u00e9s. Pendant trois ans, les coll\u00e9giens ont suivi cette exp\u00e9rimentation comme des chercheurs. Ils ont parrain\u00e9 chacun un h\u00eatre du dispositif exp\u00e9rimental ; ils ont suivi sa croissance et l\u2019ont d\u00e9feuill\u00e9 chaque printemps. Ils ont particip\u00e9 aux prises de mesures, assist\u00e9 \u00e0 diff\u00e9rents ateliers de pr\u00e9sentation des m\u00e9thodes de recherche et ont pu d\u00e9couvrir toute la diversit\u00e9 des m\u00e9tiers de la recherche et les formations qui y m\u00e8nent. Ils ont enfin mis en forme et analys\u00e9 leurs r\u00e9sultats pour tenter de r\u00e9pondre \u00e0 la question pos\u00e9e.<\/p>\n<p>Aujourd\u2019hui en fin de troisi\u00e8me, ils s\u2019appr\u00eatent \u00e0 quitter le coll\u00e8ge. Pour les remercier et f\u00eater avec eux les diff\u00e9rents prix qui ont r\u00e9compens\u00e9 le projet (Prix Science et Soci\u00e9t\u00e9 2015 du Conseil R\u00e9gional de Lorraine, Prix acad\u00e9mique de l\u2019innovation 2016), une c\u00e9r\u00e9monie a eu lieu le 16 juin \u00e0 18h \u00e0 la Salle polyvalente \u00ab Le Familial \u00bb d\u2019Einville-au-Jard, en pr\u00e9sence de Mr Jean-Luc Strugarek, Inspecteur d&rsquo;Acad\u00e9mie &#8211; Directeur Acad\u00e9mique des Services de l\u2019Education Nationale de la Meurthe-et-Moselle, Mr Erwin Dreyer, Pr\u00e9sident du Centre Inra de Nancy-Lorraine, Mme Val\u00e9rie Beausert-Lieck, Premi\u00e8re Vice-Pr\u00e9sidente du Conseil D\u00e9partemental de Meurthe-et-Moselle, Mr Claude Nass, Coordonnateur du p\u00f4le acad\u00e9mique de soutien \u00e0 l\u2019innovation, M. Francis Martin, Directeur du Laboratoire d\u2019Excellence ARBRE, Mr Michel Robert, Vice-Pr\u00e9sident de l\u2019Universit\u00e9 de Lorraine et Mr Michel Christophe, Pr\u00e9sident du CPIE de Nancy-Champenoux. De nombreux \u00e9lus, les enseignants et le personnel du coll\u00e8ge participent \u00e9galement \u00e0 cette c\u00e9r\u00e9monie aux c\u00f4t\u00e9s des familles.<\/p>\n<p><a href=\"https:\/\/mycor.iam.inrae.fr\/ARBRE\/wp-content\/uploads\/2016\/06\/Screenshot-2016-06-20-13.04.51.png\"><img loading=\"lazy\" decoding=\"async\" class=\"alignleft size-full wp-image-9786\" src=\"https:\/\/mycor.iam.inrae.fr\/ARBRE\/wp-content\/uploads\/2016\/06\/Screenshot-2016-06-20-13.04.51.png\" alt=\"Screenshot 2016-06-20 13.04.51\" width=\"1125\" height=\"467\" \/><\/a><\/p>\n<p>&nbsp;<\/p>\n","protected":false},"excerpt":{"rendered":"<p>&nbsp; Comment meurent les arbres ? C\u2019est une question d\u2019importance dans le contexte actuel des changements climatiques, \u00e0 laquelle tentent de r\u00e9pondre depuis trois ans 80 \u00e9l\u00e8ves du coll\u00e8ge C-M Duvivier d\u2019Einville-au-Jard (Meurthe-et-Moselle). Aux c\u00f4t\u00e9s des chercheurs du centre Inra &hellip; <a href=\"https:\/\/mycor.iam.inrae.fr\/ARBRE\/?p=9780\">Continuer la lecture <span class=\"meta-nav\">&rarr;<\/span><\/a><\/p>\n","protected":false},"author":4,"featured_media":0,"comment_status":"closed","ping_status":"closed","sticky":false,"template":"","format":"standard","meta":{"footnotes":""},"categories":[1],"tags":[],"class_list":["post-9780","post","type-post","status-publish","format-standard","hentry","category-divers"],"_links":{"self":[{"href":"https:\/\/mycor.iam.inrae.fr\/ARBRE\/index.php?rest_route=\/wp\/v2\/posts\/9780","targetHints":{"allow":["GET"]}}],"collection":[{"href":"https:\/\/mycor.iam.inrae.fr\/ARBRE\/index.php?rest_route=\/wp\/v2\/posts"}],"about":[{"href":"https:\/\/mycor.iam.inrae.fr\/ARBRE\/index.php?rest_route=\/wp\/v2\/types\/post"}],"author":[{"embeddable":true,"href":"https:\/\/mycor.iam.inrae.fr\/ARBRE\/index.php?rest_route=\/wp\/v2\/users\/4"}],"replies":[{"embeddable":true,"href":"https:\/\/mycor.iam.inrae.fr\/ARBRE\/index.php?rest_route=%2Fwp%2Fv2%2Fcomments&post=9780"}],"version-history":[{"count":0,"href":"https:\/\/mycor.iam.inrae.fr\/ARBRE\/index.php?rest_route=\/wp\/v2\/posts\/9780\/revisions"}],"wp:attachment":[{"href":"https:\/\/mycor.iam.inrae.fr\/ARBRE\/index.php?rest_route=%2Fwp%2Fv2%2Fmedia&parent=9780"}],"wp:term":[{"taxonomy":"category","embeddable":true,"href":"https:\/\/mycor.iam.inrae.fr\/ARBRE\/index.php?rest_route=%2Fwp%2Fv2%2Fcategories&post=9780"},{"taxonomy":"post_tag","embeddable":true,"href":"https:\/\/mycor.iam.inrae.fr\/ARBRE\/index.php?rest_route=%2Fwp%2Fv2%2Ftags&post=9780"}],"curies":[{"name":"wp","href":"https:\/\/api.w.org\/{rel}","templated":true}]}}