{"id":9902,"date":"2016-07-04T08:50:14","date_gmt":"2016-07-04T08:50:14","guid":{"rendered":"https:\/\/mycor.iam.inrae.fr\/ARBRE\/?p=9902"},"modified":"2016-08-17T07:15:34","modified_gmt":"2016-08-17T07:15:34","slug":"les-origines-inattendues-de-la-photosynthese","status":"publish","type":"post","link":"https:\/\/mycor.iam.inrae.fr\/ARBRE\/?p=9902","title":{"rendered":"ARBRE Publication \u2014 PNAS"},"content":{"rendered":"<p><a href=\"https:\/\/mycor.iam.inrae.fr\/ARBRE\/?page_id=9910\"><img loading=\"lazy\" decoding=\"async\" class=\" wp-image-9911 alignleft\" src=\"https:\/\/mycor.iam.inrae.fr\/ARBRE\/wp-content\/uploads\/2016\/07\/ARBRE-publication-pnas-banner.jpg\" alt=\"ARBRE publication pnas banner\" width=\"502\" height=\"378\" \/><\/a><\/p>\n<p>&nbsp;<\/p>\n<p>&nbsp;<\/p>\n<p>&nbsp;<\/p>\n<p>&nbsp;<\/p>\n<p>&nbsp;<\/p>\n<p>&nbsp;<\/p>\n<p>&nbsp;<\/p>\n<p>&nbsp;<\/p>\n<p>&nbsp;<\/p>\n<p><strong>Les origines inattendues de la photosynth\u00e8se<\/strong><\/p>\n<p>La conversion de la lumi\u00e8re du soleil en \u00e9nergie chimique, un processus nomm\u00e9 photosynth\u00e8se, est l\u2019un des plus importants processus biologiques sur Terre. Une \u00e9quipe internationale de chercheurs associant l\u2019Universit\u00e9 de Lorraine et l\u2019Inra, ainsi que les universit\u00e9s de Freiburg (Allemagne) et de Berkeley (Etats-Unis), a mis en \u00e9vidence les origines inattendues de ce processus. Utilisant la mousse <em>Physcomitrella patens<\/em> comme mod\u00e8le, les chercheurs ont montr\u00e9 qu\u2019au cours de l\u2019\u00e9volution, des organismes appartenant \u00e0 deux domaines du vivant ont contribu\u00e9 \u00e0 la mise en place du syst\u00e8me biologique permettant la fixation du CO<sub>2<\/sub>. Ce r\u00e9sultat, publi\u00e9 dans la revue <em>Proceedings of the National Academy of Sciences of the United States of America (PNAS)<\/em>, est l\u2019aboutissement de travaux initi\u00e9s il y a plus de quarante ans.<\/p>\n<p>R\u00e9alis\u00e9e par les v\u00e9g\u00e9taux terrestres, les algues et certaines bact\u00e9ries, la photosynth\u00e8se oxyg\u00e9nique entra\u00eene la lib\u00e9ration d\u2019oxyg\u00e8ne ainsi que la fixation de dioxyde de carbone (CO<sub>2<\/sub>). Le CO<sub>2<\/sub> ainsi fix\u00e9 est utilis\u00e9 pour la synth\u00e8se de sucres. La photosynth\u00e8se est \u00e0 l\u2019origine de l\u2019essentiel de l\u2019\u00e9nergie et de la mati\u00e8re organique sur Terre. Elle joue aussi un r\u00f4le cl\u00e9 dans le maintien constant du taux d&rsquo;oxyg\u00e8ne et dans la r\u00e9duction de la teneur en CO<sub>2<\/sub>, un important gaz \u00e0 effet de serre, dans l\u2019atmosph\u00e8re terrestre.<\/p>\n<p><a href=\"https:\/\/mycor.iam.inrae.fr\/ARBRE\/wp-content\/uploads\/2016\/07\/Screenshot-2016-06-29-12.35.45.png\"><img loading=\"lazy\" decoding=\"async\" class=\"alignleft wp-image-9903\" src=\"https:\/\/mycor.iam.inrae.fr\/ARBRE\/wp-content\/uploads\/2016\/07\/Screenshot-2016-06-29-12.35.45.png\" alt=\"Screenshot 2016-06-29 12.35.45\" width=\"329\" height=\"270\" \/><\/a>Dans les cellules des plantes, la fixation du CO<sub>2<\/sub> est r\u00e9alis\u00e9e par certaines enzymes. L\u2019efficacit\u00e9 de fixation du CO<sub>2<\/sub> conditionne notamment les rendements agronomiques. Deux de ces enzymes, la fructose-1,6-bisphosphatase (ou FBPase) et la s\u00e9doheptulose-bisphosphatase (ou SBPase), sont \u00e9tudi\u00e9es depuis plus de quarante ans. Gr\u00e2ce \u00e0 des analyses biochimiques et g\u00e9n\u00e9tiques r\u00e9alis\u00e9es chez la mousse <em>Physcomitrella patens<\/em>, les chercheurs ont mis en \u00e9vidence au cours de cette \u00e9tude leur structure mol\u00e9culaire et leur mode d&rsquo;action,\u00a0 et ils ont retrac\u00e9 l\u2019\u00e9volution du syst\u00e8me photosynth\u00e9tique.<\/p>\n<p>\u00c9tonnamment, les deux enzymes isol\u00e9es \u00e0 partir de la mousse sont assez similaires dans leur mode d&rsquo;action mais elles sont issues d\u2019organismes appartenant \u00e0 deux domaines du vivant diff\u00e9rents. En effet, l\u2019analyse de l\u2019origine des deux g\u00e8nes codant pour ces enzymes indique que l\u2019une provient de bact\u00e9ries non photosynth\u00e9tiques et l\u2019autre d\u2019organismes ancestraux appel\u00e9s Arch\u00e9es. Ces r\u00e9sultats apportent ainsi des informations inattendues sur l\u2019origine des syst\u00e8mes photosynth\u00e9tiques qui se r\u00e9v\u00e8lent reposer sur un assemblage de g\u00e8nes acquis \u00e0 partir d\u2019organismes plus primitifs qui ne sont pas eux-m\u00eames photosynth\u00e9tiques, puis adapt\u00e9s au fonctionnement tr\u00e8s particulier des organismes pratiquant la photosynth\u00e8se oxyg\u00e9nique. Ces travaux permettent ainsi d\u2019am\u00e9liorer les connaissances sur le fonctionnement et la r\u00e9gulation de la photosynth\u00e8se et sur le contr\u00f4le de la productivit\u00e9 v\u00e9g\u00e9tale.<\/p>\n<p>____________________________<\/p>\n<p><em>Les r\u00e9sultats rapport\u00e9s dans cette \u00e9tude proviennent principalement d\u2019une coop\u00e9ration entre l\u2019unit\u00e9 mixte de recherche Inra-Universit\u00e9 de Lorraine \u00ab Interactions Arbres-Microorganismes \u00bb et les laboratoires de Plant Biotechnology de la Facult\u00e9 de Biologie, et de Biochimie de la facult\u00e9 Chimie et Pharmacie de l\u2019Universit\u00e9 de Freiburg. D\u2019autres coop\u00e9rations ont \u00e9t\u00e9 effectu\u00e9es avec un laboratoire de l\u2019Institut de Biologie Physico-chimique (IBPC) \u00e0 Paris et le d\u00e9partement de Plant and Microbial Biology de l\u2019Universit\u00e9 de Californie \u00e0 Berkeley.<\/em><\/p>\n<p><em>Cet article correspond en grande partie au travail de th\u00e8se de D\u00e9sir\u00e9e G\u00fctle effectu\u00e9 en co-tutelle entre Nancy et Freiburg avec l\u2019aide, du c\u00f4t\u00e9 fran\u00e7ais, d\u2019une bourse du minist\u00e8re charg\u00e9 de la recherche et du Labex ARBRE, et du c\u00f4t\u00e9 allemand de l\u2019Initiative d\u2019Excellence de la R\u00e9publique F\u00e9d\u00e9rale d\u2019Allemagne incluant les structures SGCBM, BIOSS, FRIAS de Freiburg et l\u2019Universit\u00e9 franco-allemande.<\/em><\/p>\n<p><a href=\"https:\/\/mycor.iam.inrae.fr\/ARBRE\/wp-content\/uploads\/2016\/07\/FR-pnas-reference1.jpg\"><img loading=\"lazy\" decoding=\"async\" class=\"wp-image-9917 alignright\" src=\"https:\/\/mycor.iam.inrae.fr\/ARBRE\/wp-content\/uploads\/2016\/07\/FR-pnas-reference1.jpg\" alt=\"FR pnas reference\" width=\"436\" height=\"121\" \/><\/a><a href=\"https:\/\/mycor.iam.inrae.fr\/ARBRE\/?page_id=9910\"><img loading=\"lazy\" decoding=\"async\" class=\" wp-image-9929 aligncenter\" src=\"https:\/\/mycor.iam.inrae.fr\/ARBRE\/wp-content\/uploads\/2016\/07\/larger-pour-plus-dinfos.jpg\" alt=\"larger pour plus d'infos\" width=\"188\" height=\"53\" \/><\/a><\/p>\n","protected":false},"excerpt":{"rendered":"<p>&nbsp; &nbsp; &nbsp; &nbsp; &nbsp; &nbsp; &nbsp; &nbsp; &nbsp; Les origines inattendues de la photosynth\u00e8se La conversion de la lumi\u00e8re du soleil en \u00e9nergie chimique, un processus nomm\u00e9 photosynth\u00e8se, est l\u2019un des plus importants processus biologiques sur Terre. Une \u00e9quipe &hellip; <a href=\"https:\/\/mycor.iam.inrae.fr\/ARBRE\/?p=9902\">Continuer la lecture <span class=\"meta-nav\">&rarr;<\/span><\/a><\/p>\n","protected":false},"author":4,"featured_media":0,"comment_status":"closed","ping_status":"closed","sticky":false,"template":"","format":"link","meta":{"footnotes":""},"categories":[1],"tags":[],"class_list":["post-9902","post","type-post","status-publish","format-link","hentry","category-divers","post_format-post-format-link"],"_links":{"self":[{"href":"https:\/\/mycor.iam.inrae.fr\/ARBRE\/index.php?rest_route=\/wp\/v2\/posts\/9902","targetHints":{"allow":["GET"]}}],"collection":[{"href":"https:\/\/mycor.iam.inrae.fr\/ARBRE\/index.php?rest_route=\/wp\/v2\/posts"}],"about":[{"href":"https:\/\/mycor.iam.inrae.fr\/ARBRE\/index.php?rest_route=\/wp\/v2\/types\/post"}],"author":[{"embeddable":true,"href":"https:\/\/mycor.iam.inrae.fr\/ARBRE\/index.php?rest_route=\/wp\/v2\/users\/4"}],"replies":[{"embeddable":true,"href":"https:\/\/mycor.iam.inrae.fr\/ARBRE\/index.php?rest_route=%2Fwp%2Fv2%2Fcomments&post=9902"}],"version-history":[{"count":0,"href":"https:\/\/mycor.iam.inrae.fr\/ARBRE\/index.php?rest_route=\/wp\/v2\/posts\/9902\/revisions"}],"wp:attachment":[{"href":"https:\/\/mycor.iam.inrae.fr\/ARBRE\/index.php?rest_route=%2Fwp%2Fv2%2Fmedia&parent=9902"}],"wp:term":[{"taxonomy":"category","embeddable":true,"href":"https:\/\/mycor.iam.inrae.fr\/ARBRE\/index.php?rest_route=%2Fwp%2Fv2%2Fcategories&post=9902"},{"taxonomy":"post_tag","embeddable":true,"href":"https:\/\/mycor.iam.inrae.fr\/ARBRE\/index.php?rest_route=%2Fwp%2Fv2%2Ftags&post=9902"}],"curies":[{"name":"wp","href":"https:\/\/api.w.org\/{rel}","templated":true}]}}