{"id":4957,"date":"2015-04-28T11:08:39","date_gmt":"2015-04-28T11:08:39","guid":{"rendered":"https:\/\/mycor.iam.inrae.fr\/IAM\/?p=4957"},"modified":"2015-04-28T11:09:42","modified_gmt":"2015-04-28T11:09:42","slug":"ecos-sud-chile-2015","status":"publish","type":"post","link":"https:\/\/mycor.iam.inrae.fr\/IAM\/?p=4957","title":{"rendered":"ECOS Sud &#8211; Chile 2015"},"content":{"rendered":"<h1 style=\"margin: 0px; text-align: justify;\">ECOS Sud &#8211; Chile 2015<\/h1>\n<p style=\"margin: 0px; text-align: justify;\">Cet appel \u00e0 projets concerne la recherche de base dans tous les champs disciplinaires. Il doit s\u2019agir d\u2019une collaboration sur un projet scientifique commun. Les crit\u00e8res de s\u00e9lection essentiels sont l\u2019excellence du projet et des \u00e9quipes, la formation de jeunes chercheurs et l\u2019impact socio-\u00e9conomique.<\/p>\n<p style=\"margin: 0px; text-align: justify;\">Le programme fournit un appui pour\u00a0:<\/p>\n<ul style=\"text-align: justify;\">\n<li>les missions d\u00e9di\u00e9es au d\u00e9veloppement du projet pour chercheurs confirm\u00e9s d\u2019une dur\u00e9e comprise entre 14 et 31 jours (ECOS-Sud assure le co\u00fbt du transport A\/R jusqu\u2019au Chili pour les fran\u00e7ais et paie des per diem pour les chiliens se rendant en France),<\/li>\n<li>le co\u00fbt du transport jusqu\u2019au Chili pour les doctorants et post-doctorants fran\u00e7ais se rendant en stage, ainsi que les frais de s\u00e9jours pour des stages doctoraux ou post-doctoraux en France des jeunes chiliens n\u2019exc\u00e9dant pas trois mois,<\/li>\n<\/ul>\n<p style=\"text-align: justify;\"><strong>La fiche-projet disponible via en pi\u00e8ce-jointe devra parvenir d\u00fbment remplie \u00e0 la Direction des Relations Internationales et Europ\u00e9ennes de l&#8217;Universit\u00e9 de Lorraine ( <span id=\"7fcabfe4911afec8b5b8fd80ef54fc7b1cfad1d3\"><a href=\"mailto:drie-cooperation-contact@univ-lorraine.fr\">drie-cooperation-contact@univ-lorraine.fr<\/a><\/span> ) pour le lundi 25 mai au plus tard.<\/strong><\/p>\n<p style=\"text-align: justify;\"><a href=\"https:\/\/mycor.iam.inrae.fr\/IAM\/wp-content\/uploads\/2015\/04\/fiche-projet-ECOS-Chili-2015.doc\">fiche-projet ECOS-Chili 2015<\/a><\/p>\n<p style=\"text-align: justify;\"><a href=\"https:\/\/mycor.iam.inrae.fr\/IAM\/wp-content\/uploads\/2015\/04\/Lettre-appel-\u00e0-projets-Chili-2015.doc\">Lettre appel \u00e0 projets Chili 2015<\/a><\/p>\n","protected":false},"excerpt":{"rendered":"<p>ECOS Sud &#8211; Chile 2015 Cet appel \u00e0 projets concerne la recherche de base dans tous les champs disciplinaires. Il doit s\u2019agir d\u2019une collaboration sur un projet scientifique commun. Les crit\u00e8res de s\u00e9lection essentiels sont l\u2019excellence du projet et des &hellip; <a href=\"https:\/\/mycor.iam.inrae.fr\/IAM\/?p=4957\">Continue reading <span class=\"meta-nav\">&rarr;<\/span><\/a><\/p>\n","protected":false},"author":2,"featured_media":0,"comment_status":"closed","ping_status":"open","sticky":false,"template":"","format":"standard","meta":{"footnotes":""},"categories":[10],"tags":[],"class_list":["post-4957","post","type-post","status-publish","format-standard","hentry","category-call-for-proposals"],"_links":{"self":[{"href":"https:\/\/mycor.iam.inrae.fr\/IAM\/index.php?rest_route=\/wp\/v2\/posts\/4957","targetHints":{"allow":["GET"]}}],"collection":[{"href":"https:\/\/mycor.iam.inrae.fr\/IAM\/index.php?rest_route=\/wp\/v2\/posts"}],"about":[{"href":"https:\/\/mycor.iam.inrae.fr\/IAM\/index.php?rest_route=\/wp\/v2\/types\/post"}],"author":[{"embeddable":true,"href":"https:\/\/mycor.iam.inrae.fr\/IAM\/index.php?rest_route=\/wp\/v2\/users\/2"}],"replies":[{"embeddable":true,"href":"https:\/\/mycor.iam.inrae.fr\/IAM\/index.php?rest_route=%2Fwp%2Fv2%2Fcomments&post=4957"}],"version-history":[{"count":0,"href":"https:\/\/mycor.iam.inrae.fr\/IAM\/index.php?rest_route=\/wp\/v2\/posts\/4957\/revisions"}],"wp:attachment":[{"href":"https:\/\/mycor.iam.inrae.fr\/IAM\/index.php?rest_route=%2Fwp%2Fv2%2Fmedia&parent=4957"}],"wp:term":[{"taxonomy":"category","embeddable":true,"href":"https:\/\/mycor.iam.inrae.fr\/IAM\/index.php?rest_route=%2Fwp%2Fv2%2Fcategories&post=4957"},{"taxonomy":"post_tag","embeddable":true,"href":"https:\/\/mycor.iam.inrae.fr\/IAM\/index.php?rest_route=%2Fwp%2Fv2%2Ftags&post=4957"}],"curies":[{"name":"wp","href":"https:\/\/api.w.org\/{rel}","templated":true}]}}