{"id":5396,"date":"2015-09-25T11:46:13","date_gmt":"2015-09-25T11:46:13","guid":{"rendered":"https:\/\/mycor.iam.inrae.fr\/IAM\/?p=5396"},"modified":"2015-09-25T11:50:32","modified_gmt":"2015-09-25T11:50:32","slug":"fundings-eole-grant","status":"publish","type":"post","link":"https:\/\/mycor.iam.inrae.fr\/IAM\/?p=5396","title":{"rendered":"Eole"},"content":{"rendered":"<h3><strong>Appel \u00e0 candidatures &#8211; Bourses Eole 2015 session automne<\/strong><\/h3>\n<p>Le R\u00e9seau Franco-N\u00e9erlandais accorde des bourses de mobilit\u00e9 destin\u00e9es \u00e0 des \u00e9tudiants en master et \u00e0 des doctorants, toutes disciplines confondues, pour un s\u00e9jour d\u2019\u00e9tudes, de recherche ou un stage aux Pays-Bas. Ces bourses sont attribu\u00e9es sur la base d\u2019une s\u00e9lection stricte des meilleurs projets.<\/p>\n<p>Les bourses d\u2019excellence \u00ab Eole \u00bb s\u2019adressent en particulier \u00e0 des doctorants devant faire un court s\u00e9jour de recherche aux Pays-Bas dans le cadre de leur formation doctorale. Elles peuvent favoriser le bon fonctionnement de th\u00e8ses en cotutelle. Les \u00e9tudiants en Master qui effectuent un s\u00e9jour de recherche, de formation ou de stage sont \u00e9galement \u00e9ligibles. Ces bourses d\u2019un montant forfaitaire de 500 \u00e0 1000\u20ac ne sont pas renouvelables.<\/p>\n<p>La demande portera sur des s\u00e9jours pr\u00e9vus de novembre 2015 \u00e0 juin 2016.<br \/>\nDate limite de r\u00e9ception des candidatures:\u00a0<strong>le 1er octobre<\/strong><\/p>\n<p><strong>Pour les modalit\u00e9s de candidature et crit\u00e8res d&#8217;admission :<br \/>\n<\/strong><\/p>\n<ul>\n<li><a href=\"http:\/\/frnl.nl\/documents\/Rglement%20Eole%20-%20Session%20Automne%202015.doc\">R\u00e8glement<\/a><\/li>\n<li><a title=\"\" href=\"http:\/\/frnl.nl\/documents\/Eole\/2014\/Formulaire%20de%20candidature%20Bourses%20Eole%20-%20Session%20automne%202015.rtf\">Formulaire de candidature<\/a><\/li>\n<li><a title=\"\" href=\"http:\/\/frnl.nl\/fr\/?cid=97\">R\u00e9sultats des sessions pr\u00e9c\u00e9dentes<\/a><\/li>\n<\/ul>\n<p>Les pi\u00e8ces du dossier de candidature peuvent \u00eatre en fran\u00e7ais ou en anglais.<\/p>\n","protected":false},"excerpt":{"rendered":"<p>Appel \u00e0 candidatures &#8211; Bourses Eole 2015 session automne Le R\u00e9seau Franco-N\u00e9erlandais accorde des bourses de mobilit\u00e9 destin\u00e9es \u00e0 des \u00e9tudiants en master et \u00e0 des doctorants, toutes disciplines confondues, pour un s\u00e9jour d\u2019\u00e9tudes, de recherche ou un stage aux &hellip; <a href=\"https:\/\/mycor.iam.inrae.fr\/IAM\/?p=5396\">Continue reading <span class=\"meta-nav\">&rarr;<\/span><\/a><\/p>\n","protected":false},"author":2,"featured_media":0,"comment_status":"closed","ping_status":"open","sticky":false,"template":"","format":"standard","meta":{"footnotes":""},"categories":[10],"tags":[],"class_list":["post-5396","post","type-post","status-publish","format-standard","hentry","category-call-for-proposals"],"_links":{"self":[{"href":"https:\/\/mycor.iam.inrae.fr\/IAM\/index.php?rest_route=\/wp\/v2\/posts\/5396","targetHints":{"allow":["GET"]}}],"collection":[{"href":"https:\/\/mycor.iam.inrae.fr\/IAM\/index.php?rest_route=\/wp\/v2\/posts"}],"about":[{"href":"https:\/\/mycor.iam.inrae.fr\/IAM\/index.php?rest_route=\/wp\/v2\/types\/post"}],"author":[{"embeddable":true,"href":"https:\/\/mycor.iam.inrae.fr\/IAM\/index.php?rest_route=\/wp\/v2\/users\/2"}],"replies":[{"embeddable":true,"href":"https:\/\/mycor.iam.inrae.fr\/IAM\/index.php?rest_route=%2Fwp%2Fv2%2Fcomments&post=5396"}],"version-history":[{"count":0,"href":"https:\/\/mycor.iam.inrae.fr\/IAM\/index.php?rest_route=\/wp\/v2\/posts\/5396\/revisions"}],"wp:attachment":[{"href":"https:\/\/mycor.iam.inrae.fr\/IAM\/index.php?rest_route=%2Fwp%2Fv2%2Fmedia&parent=5396"}],"wp:term":[{"taxonomy":"category","embeddable":true,"href":"https:\/\/mycor.iam.inrae.fr\/IAM\/index.php?rest_route=%2Fwp%2Fv2%2Fcategories&post=5396"},{"taxonomy":"post_tag","embeddable":true,"href":"https:\/\/mycor.iam.inrae.fr\/IAM\/index.php?rest_route=%2Fwp%2Fv2%2Ftags&post=5396"}],"curies":[{"name":"wp","href":"https:\/\/api.w.org\/{rel}","templated":true}]}}