{"id":5555,"date":"2015-11-03T15:21:57","date_gmt":"2015-11-03T15:21:57","guid":{"rendered":"https:\/\/mycor.iam.inrae.fr\/IAM\/?p=5555"},"modified":"2015-11-03T15:21:57","modified_gmt":"2015-11-03T15:21:57","slug":"finland-fellowship","status":"publish","type":"post","link":"https:\/\/mycor.iam.inrae.fr\/IAM\/?p=5555","title":{"rendered":"Finland fellowship"},"content":{"rendered":"<div class=\"field field-name-body field-type-text-with-summary field-label-hidden\">\n<div class=\"field-items\">\n<div class=\"field-item even\">\n<div style=\"text-align: justify;\">La promotion de la\u00a0mobilit\u00e9 des chercheurs est l\u2019une des priorit\u00e9s d\u2019action de l\u2019Institut Fran\u00e7ais de Finlande. Les programmes de mobilit\u00e9 propos\u00e9s par l\u2019Institut visent \u00e0 concourir au fonctionnement de l\u2019espace europ\u00e9en de l\u2019enseignement sup\u00e9rieur et de la recherche (EER) et \u00e0 d\u00e9velopper la coop\u00e9ration scientifique et universitaire entre la France et la Finlande.<\/div>\n<p style=\"text-align: justify;\">Les appels \u00e0 projets pour les\u00a0programmes de mobilit\u00e9 de chercheurs SAMPO, EEPOS et KAKSIN\u00a0pour 2016 sont ouverts\u00a0<strong>du 19 octobre au <span id=\"OBJ_PREFIX_DWT4881_com_zimbra_date\" class=\"Object\"><span id=\"OBJ_PREFIX_DWT4883_com_zimbra_date\" class=\"Object\">5 d\u00e9cembre 2015<\/span><\/span>.<\/strong><\/p>\n<\/div>\n<\/div>\n<\/div>\n<p style=\"text-align: justify;\">Plus de renseignements :<\/p>\n<p style=\"text-align: justify;\"><a href=\"http:\/\/www.france.fi\/helsinki\/programmes-de-mobilite-appel-a-projet-sampo-eepos-et-kaksin-2015\/\">http:\/\/www.france.fi\/helsinki\/programmes-de-mobilite-appel-a-projet-sampo-eepos-et-kaksin-2015\/<\/a><\/p>\n","protected":false},"excerpt":{"rendered":"<p>La promotion de la\u00a0mobilit\u00e9 des chercheurs est l\u2019une des priorit\u00e9s d\u2019action de l\u2019Institut Fran\u00e7ais de Finlande. Les programmes de mobilit\u00e9 propos\u00e9s par l\u2019Institut visent \u00e0 concourir au fonctionnement de l\u2019espace europ\u00e9en de l\u2019enseignement sup\u00e9rieur et de la recherche (EER) et &hellip; <a href=\"https:\/\/mycor.iam.inrae.fr\/IAM\/?p=5555\">Continue reading <span class=\"meta-nav\">&rarr;<\/span><\/a><\/p>\n","protected":false},"author":2,"featured_media":0,"comment_status":"closed","ping_status":"open","sticky":false,"template":"","format":"standard","meta":{"footnotes":""},"categories":[10],"tags":[],"class_list":["post-5555","post","type-post","status-publish","format-standard","hentry","category-call-for-proposals"],"_links":{"self":[{"href":"https:\/\/mycor.iam.inrae.fr\/IAM\/index.php?rest_route=\/wp\/v2\/posts\/5555","targetHints":{"allow":["GET"]}}],"collection":[{"href":"https:\/\/mycor.iam.inrae.fr\/IAM\/index.php?rest_route=\/wp\/v2\/posts"}],"about":[{"href":"https:\/\/mycor.iam.inrae.fr\/IAM\/index.php?rest_route=\/wp\/v2\/types\/post"}],"author":[{"embeddable":true,"href":"https:\/\/mycor.iam.inrae.fr\/IAM\/index.php?rest_route=\/wp\/v2\/users\/2"}],"replies":[{"embeddable":true,"href":"https:\/\/mycor.iam.inrae.fr\/IAM\/index.php?rest_route=%2Fwp%2Fv2%2Fcomments&post=5555"}],"version-history":[{"count":0,"href":"https:\/\/mycor.iam.inrae.fr\/IAM\/index.php?rest_route=\/wp\/v2\/posts\/5555\/revisions"}],"wp:attachment":[{"href":"https:\/\/mycor.iam.inrae.fr\/IAM\/index.php?rest_route=%2Fwp%2Fv2%2Fmedia&parent=5555"}],"wp:term":[{"taxonomy":"category","embeddable":true,"href":"https:\/\/mycor.iam.inrae.fr\/IAM\/index.php?rest_route=%2Fwp%2Fv2%2Fcategories&post=5555"},{"taxonomy":"post_tag","embeddable":true,"href":"https:\/\/mycor.iam.inrae.fr\/IAM\/index.php?rest_route=%2Fwp%2Fv2%2Ftags&post=5555"}],"curies":[{"name":"wp","href":"https:\/\/api.w.org\/{rel}","templated":true}]}}