{"id":5657,"date":"2015-11-25T18:24:49","date_gmt":"2015-11-25T18:24:49","guid":{"rendered":"https:\/\/mycor.iam.inrae.fr\/IAM\/?p=5657"},"modified":"2015-11-25T18:33:54","modified_gmt":"2015-11-25T18:33:54","slug":"aap-interreg-v","status":"publish","type":"post","link":"https:\/\/mycor.iam.inrae.fr\/IAM\/?p=5657","title":{"rendered":"AAP: INTERREG V"},"content":{"rendered":"<h1>Premier appel \u00e0 projets relatif au programme INTERREG V A Grande R\u00e9gion.<\/h1>\n<p>Cofinanc\u00e9 par le Fonds Europ\u00e9en de D\u00e9veloppement R\u00e9gional (FEDER) , le Programme soutiendra aussi bien des projets de proximit\u00e9 que des actions d\u2019envergure \u00e0 l\u2019\u00e9chelle du territoire de la Grande R\u00e9gion, dans le cadre de 4 axes prioritaires :<\/p>\n<ul>\n<li>Axe 1\u00a0: Poursuivre le d\u00e9veloppement d\u2019un march\u00e9 du travail int\u00e9gr\u00e9 en soutenant l\u2019\u00e9ducation, la formation et en facilitant la mobilit\u00e9 physique<\/li>\n<li>Axe 2\u00a0: Assurer un d\u00e9veloppement respectueux de l\u2019environnement et du cadre de vie<\/li>\n<li>Axe 3\u00a0: Am\u00e9liorer les conditions de vie<\/li>\n<li>Axe 4\u00a0: Renforcer la comp\u00e9titivit\u00e9 et l\u2019attractivit\u00e9 de la Grande R\u00e9gion<\/li>\n<\/ul>\n<div>Ce premier appel \u00e0 projets du programme couvre l&#8217;ensemble de ces axes.<\/div>\n<div><\/div>\n<p>La strat\u00e9gie du programme est construite autour d\u2019un <strong>triptyque \u00ab\u00a0emploi \/ d\u00e9veloppement territorial \/ \u00e9conomie\u00bb<\/strong> qui place le soutien \u00e0 l\u2019emploi sur le march\u00e9 du travail grand-r\u00e9gional au c\u0153ur des priorit\u00e9s.<\/p>\n<p>Le d\u00e9p\u00f4t formel des candidatures (sous forme de fiches synth\u00e9tiques \u00e0 envoyer \u00e0 l\u2019adresse <a href=\"mailto:info@interreg-gr.lu\" target=\"_blank\">info@interreg-gr.lu<\/a>) se fera, sous forme \u00e9lectronique, <strong>du 4 janvier 2016 \u00e0 00h00 au 5 f\u00e9vrier 2016 \u00e0 23h59 (Proc\u00e9dure Go\/No Go) <\/strong><\/p>\n<p>Vous pouvez t\u00e9l\u00e9charger les documents relatifs \u00e0 ce premier appel \u00e0 projets, \u00e0 partir des liens ci-dessous ou via le\u00a0<a href=\"http:\/\/europe-en-lorraine.eu\/interreg-va-gr-ap-2016\/\">site de la R\u00e9gion<\/a> :<\/p>\n<ul>\n<li><a href=\"http:\/\/europe-en-lorraine.eu\/wp-content\/uploads\/2015\/11\/Lancement-1er-appel-%C3%A0-projets.pdf\" target=\"_blank\">L\u2019appel \u00e0 projets<\/a><\/li>\n<li><a href=\"http:\/\/europe-en-lorraine.eu\/wp-content\/uploads\/2015\/11\/calendrier-zeitplan.pdf\" target=\"_blank\">Le calendrier de l\u2019appel \u00e0 projets<\/a>,<\/li>\n<li><a href=\"http:\/\/europe-en-lorraine.eu\/wp-content\/uploads\/2015\/11\/Fiche-synthetique_Projektkurzfassung_241015.pdf\" target=\"_blank\">Le mod\u00e8le de fiche synth\u00e9tique<\/a>\u00a0\u00e0 utiliser\u00a0: le formulaire PDF est configur\u00e9 pour l\u2019inscription d\u2019un maximum de cinq partenaires de projets et de six actions du projet. Si votre projet compte davantage de partenaires et\/ou d\u2019actions, merci de bien vouloir renseigner les partenaires suppl\u00e9mentaires ainsi que les donn\u00e9es relatives \u00e0 leur budget et \/ ou les actions suppl\u00e9mentaires\u00a0<a href=\"http:\/\/europe-en-lorraine.eu\/wp-content\/uploads\/2015\/11\/Donn%C3%A9es-suppl%C3%A9mentaires_zus%C3%A4tzliche-Daten.pdf\" target=\"_blank\">dans le second formulaire PDF<\/a> pr\u00e9vu \u00e0 cet effet.<\/li>\n<li><a href=\"http:\/\/europe-en-lorraine.eu\/wp-content\/uploads\/2015\/11\/PO-INTERREG-V_291015_d%C3%A9finitif.pdf\" target=\"_blank\">La version du programme de coop\u00e9ration<\/a>\u00a0(actuellement en cours d\u2019approbation par la Commission europ\u00e9enne et qui peut donc encore faire l\u2019objet de modifications mineures) \u00e0 prendre en compte,<\/li>\n<li><a href=\"http:\/\/europe-en-lorraine.eu\/wp-content\/uploads\/2015\/11\/R%C3%A8gles-%C3%A9ligibilit%C3%A9-d%C3%A9penses_INTERREG-V-A-Grande-R%C3%A9gion.pdf\" target=\"_blank\">Les grands principes relatifs aux d\u00e9penses \u00e9ligibles<\/a>.<\/li>\n<\/ul>\n<div>\n<p>Si vous souhaitez d\u00e9poser un projet dans le cadre du programme Interreg VA Grande R\u00e9gion (ou un autre programme europ\u00e9en),\u00a0 je vous rappelle que la Cellule Europe de l\u2019Universit\u00e9 de Lorraine est \u00e0 votre disposition pour vous accompagner dans vos d\u00e9marches: <a href=\"mailto:cellule-europe-contact@univ-lorraine.fr\" target=\"_blank\">cellule-europe-contact@univ-lorraine.fr<\/a><\/p>\n<\/div>\n","protected":false},"excerpt":{"rendered":"<p>Premier appel \u00e0 projets relatif au programme INTERREG V A Grande R\u00e9gion. Cofinanc\u00e9 par le Fonds Europ\u00e9en de D\u00e9veloppement R\u00e9gional (FEDER) , le Programme soutiendra aussi bien des projets de proximit\u00e9 que des actions d\u2019envergure \u00e0 l\u2019\u00e9chelle du territoire de &hellip; <a href=\"https:\/\/mycor.iam.inrae.fr\/IAM\/?p=5657\">Continue reading <span class=\"meta-nav\">&rarr;<\/span><\/a><\/p>\n","protected":false},"author":2,"featured_media":0,"comment_status":"closed","ping_status":"open","sticky":false,"template":"","format":"standard","meta":{"footnotes":""},"categories":[10],"tags":[],"class_list":["post-5657","post","type-post","status-publish","format-standard","hentry","category-call-for-proposals"],"_links":{"self":[{"href":"https:\/\/mycor.iam.inrae.fr\/IAM\/index.php?rest_route=\/wp\/v2\/posts\/5657","targetHints":{"allow":["GET"]}}],"collection":[{"href":"https:\/\/mycor.iam.inrae.fr\/IAM\/index.php?rest_route=\/wp\/v2\/posts"}],"about":[{"href":"https:\/\/mycor.iam.inrae.fr\/IAM\/index.php?rest_route=\/wp\/v2\/types\/post"}],"author":[{"embeddable":true,"href":"https:\/\/mycor.iam.inrae.fr\/IAM\/index.php?rest_route=\/wp\/v2\/users\/2"}],"replies":[{"embeddable":true,"href":"https:\/\/mycor.iam.inrae.fr\/IAM\/index.php?rest_route=%2Fwp%2Fv2%2Fcomments&post=5657"}],"version-history":[{"count":0,"href":"https:\/\/mycor.iam.inrae.fr\/IAM\/index.php?rest_route=\/wp\/v2\/posts\/5657\/revisions"}],"wp:attachment":[{"href":"https:\/\/mycor.iam.inrae.fr\/IAM\/index.php?rest_route=%2Fwp%2Fv2%2Fmedia&parent=5657"}],"wp:term":[{"taxonomy":"category","embeddable":true,"href":"https:\/\/mycor.iam.inrae.fr\/IAM\/index.php?rest_route=%2Fwp%2Fv2%2Fcategories&post=5657"},{"taxonomy":"post_tag","embeddable":true,"href":"https:\/\/mycor.iam.inrae.fr\/IAM\/index.php?rest_route=%2Fwp%2Fv2%2Ftags&post=5657"}],"curies":[{"name":"wp","href":"https:\/\/api.w.org\/{rel}","templated":true}]}}